{"id":16409,"date":"2026-08-21T16:07:06","date_gmt":"2026-08-21T14:07:06","guid":{"rendered":"https:\/\/meteoinfo.si\/?p=16409"},"modified":"2026-08-30T16:52:03","modified_gmt":"2026-08-30T14:52:03","slug":"tornado-f1-na-obmocju-komna-21-8-2026","status":"publish","type":"post","link":"https:\/\/meteoinfo.si\/en\/vremenska-porocila\/porocila-s-terena\/tornado-f1-na-obmocju-komna-21-8-2026\/","title":{"rendered":"Tornado F1, na obmo\u010dju Komna, 21. 8. 2026, ter vodna tromba na obmo\u010dju Hrva\u0161ke Istre, 22.8.2026"},"content":{"rendered":"\n<p class=\"wp-block-paragraph\"><strong>Avtor reporta\u017ee: Matej \u0160tegar<\/strong><\/p>\n\n\n\n<p class=\"wp-block-paragraph\">V petek, 21. avgusta 2026, okoli 15. ure, je obmo\u010dje ob\u010dine Komen na Krasu zajelo mo\u010dno neurje, v sklopu katerega je nastal vrtinec oziroma tornado. Najbolj je prizadel obmo\u010dje Gornje Branice, predvsem naselja Koboli, Ve\u010dkoti, \u010cehovini in Kodreti. O pojavu je bil objavljen tudi videoposnetek vrtinca v okolici Hru\u0161evice pri \u0160tanjelu. Meteorolo\u0161ki podatki in kasnej\u0161a analiza so pokazali izrazito vrtin\u010dasto strukturo, ki je segala do tal; vrtinec je zaznal tudi Dopplerjev radar v severovzhodni Italiji.<\/p>\n\n\n\n<p class=\"wp-block-paragraph\">Dogodek je bil zelo kratkotrajen, vendar izjemno intenziven. Mo\u010dan veter je odkrival in po\u0161kodoval strehe, podiral, lomil ter ruval drevesa, ponekod pa so bili po\u0161kodovani tudi drugi deli objektov. Po prvih podatkih je bilo po\u0161kodovanih ve\u010d kot 15 stavb, pri treh pa je bila \u0161koda ve\u010dja oziroma konstrukcijska. K sre\u010di v dogodku ni bilo po\u0161kodovanih ljudi.<\/p>\n\n\n\n<p class=\"wp-block-paragraph\">Posebej izrazite so bile posledice v naravi. Veter je podrl veliko \u0161tevilo dreves, med njimi tudi sadna drevesa. Kasnej\u0161i pregled Zavoda za gozdove Slovenije je pokazal, da je bilo po\u0161kodovanih ve\u010d kot \u0161tiri hektare gozda, po\u0161kodovana lesna masa pa je bila ocenjena na pribli\u017eno 430 m\u00b3. Med po\u0161kodovanimi drevesnimi vrstami so bili predvsem \u010drni bor in razli\u010dne vrste hrastov.<\/p>\n\n\n\n<p class=\"wp-block-paragraph\">Neurje je povzro\u010dilo tudi te\u017eave v prometu in oskrbi z elektri\u010dno energijo. Zaradi podrtih dreves so bile posamezne ceste neprevozne, v Kobolih pa je bila za nekaj \u010dasa prekinjena oskrba z elektri\u010dno energijo. Na obmo\u010dju je posredovalo ve\u010d kot 55 gasilcev iz poklicnih in prostovoljnih gasilskih enot, ki so odstranjevali podrta drevesa, za\u0161\u010ditili po\u0161kodovane strehe in pomagali pri odpravljanju posledic.<\/p>\n\n\n\n<p class=\"wp-block-paragraph\">Dogodek je bil del \u0161ir\u0161e mo\u010dne nevihtne linije, ki je 21. avgusta pre\u0161la Slovenijo. Spremljali so jo mo\u010dni nalivi in zelo mo\u010dni sunki vetra. ARSO je za ta dan opozarjal na mo\u017enost mo\u010dnej\u0161ih neviht, nalivov, to\u010de in mo\u010dnega pi\u0161a vetra. Na Slavniku je bil izmerjen sunek vetra 106 km\/h, v Podnanosu 92 km\/h in v Biljah pri Novi Gorici 76 km\/h.<\/p>\n\n\n\n<p class=\"wp-block-paragraph\">Skupna koli\u010dina padavin 21. avgusta<\/p>\n\n\n\n<figure class=\"wp-block-image size-large\"><a class=\"gridlove-popup-img\" href=\"https:\/\/meteoinfo.si\/wp-content\/uploads\/2026\/08\/783757952_1076935458141952_4095771367705337289_n.jpg\"><img loading=\"lazy\" decoding=\"async\" width=\"1024\" height=\"865\" src=\"https:\/\/meteoinfo.si\/wp-content\/uploads\/2026\/08\/783757952_1076935458141952_4095771367705337289_n-1024x865.jpg\" alt=\"\" class=\"wp-image-16416\" srcset=\"https:\/\/meteoinfo.si\/wp-content\/uploads\/2026\/08\/783757952_1076935458141952_4095771367705337289_n-1024x865.jpg 1024w, https:\/\/meteoinfo.si\/wp-content\/uploads\/2026\/08\/783757952_1076935458141952_4095771367705337289_n-300x254.jpg 300w, https:\/\/meteoinfo.si\/wp-content\/uploads\/2026\/08\/783757952_1076935458141952_4095771367705337289_n-768x649.jpg 768w, https:\/\/meteoinfo.si\/wp-content\/uploads\/2026\/08\/783757952_1076935458141952_4095771367705337289_n-1536x1298.jpg 1536w, https:\/\/meteoinfo.si\/wp-content\/uploads\/2026\/08\/783757952_1076935458141952_4095771367705337289_n-370x313.jpg 370w, https:\/\/meteoinfo.si\/wp-content\/uploads\/2026\/08\/783757952_1076935458141952_4095771367705337289_n-270x228.jpg 270w, https:\/\/meteoinfo.si\/wp-content\/uploads\/2026\/08\/783757952_1076935458141952_4095771367705337289_n-570x482.jpg 570w, https:\/\/meteoinfo.si\/wp-content\/uploads\/2026\/08\/783757952_1076935458141952_4095771367705337289_n-740x625.jpg 740w, https:\/\/meteoinfo.si\/wp-content\/uploads\/2026\/08\/783757952_1076935458141952_4095771367705337289_n.jpg 2000w\" sizes=\"auto, (max-width: 1024px) 100vw, 1024px\" \/><\/a><\/figure>\n\n\n\n<p class=\"wp-block-paragraph\">Radarska slika padavin<\/p>\n\n\n\n<figure class=\"wp-block-image size-full\"><a class=\"gridlove-popup-img\" href=\"https:\/\/meteoinfo.si\/wp-content\/uploads\/2026\/08\/radar_animacija_slo_10_2026-08-21_11-00_7h.gif\"><img loading=\"lazy\" decoding=\"async\" width=\"960\" height=\"700\" src=\"https:\/\/meteoinfo.si\/wp-content\/uploads\/2026\/08\/radar_animacija_slo_10_2026-08-21_11-00_7h.gif\" alt=\"\" class=\"wp-image-16410\"\/><\/a><\/figure>\n\n\n\n<p class=\"wp-block-paragraph\">Radarska slika padavin v \u010dasu tornada, na obmo\u010dju Komna<\/p>\n\n\n\n<figure class=\"wp-block-image size-large\"><a class=\"gridlove-popup-img\" href=\"https:\/\/meteoinfo.si\/wp-content\/uploads\/2026\/08\/1.jpg\"><img loading=\"lazy\" decoding=\"async\" width=\"1024\" height=\"712\" src=\"https:\/\/meteoinfo.si\/wp-content\/uploads\/2026\/08\/1-1024x712.jpg\" alt=\"\" class=\"wp-image-16411\" srcset=\"https:\/\/meteoinfo.si\/wp-content\/uploads\/2026\/08\/1-1024x712.jpg 1024w, https:\/\/meteoinfo.si\/wp-content\/uploads\/2026\/08\/1-300x209.jpg 300w, https:\/\/meteoinfo.si\/wp-content\/uploads\/2026\/08\/1-768x534.jpg 768w, https:\/\/meteoinfo.si\/wp-content\/uploads\/2026\/08\/1-370x257.jpg 370w, https:\/\/meteoinfo.si\/wp-content\/uploads\/2026\/08\/1-270x188.jpg 270w, https:\/\/meteoinfo.si\/wp-content\/uploads\/2026\/08\/1-570x396.jpg 570w, https:\/\/meteoinfo.si\/wp-content\/uploads\/2026\/08\/1-740x514.jpg 740w, https:\/\/meteoinfo.si\/wp-content\/uploads\/2026\/08\/1.jpg 1417w\" sizes=\"auto, (max-width: 1024px) 100vw, 1024px\" \/><\/a><\/figure>\n\n\n\n<figure class=\"wp-block-image size-large\"><a class=\"gridlove-popup-img\" href=\"https:\/\/meteoinfo.si\/wp-content\/uploads\/2026\/08\/2.jpg\"><img loading=\"lazy\" decoding=\"async\" width=\"1024\" height=\"720\" src=\"https:\/\/meteoinfo.si\/wp-content\/uploads\/2026\/08\/2-1024x720.jpg\" alt=\"\" class=\"wp-image-16412\" srcset=\"https:\/\/meteoinfo.si\/wp-content\/uploads\/2026\/08\/2-1024x720.jpg 1024w, https:\/\/meteoinfo.si\/wp-content\/uploads\/2026\/08\/2-300x211.jpg 300w, https:\/\/meteoinfo.si\/wp-content\/uploads\/2026\/08\/2-768x540.jpg 768w, https:\/\/meteoinfo.si\/wp-content\/uploads\/2026\/08\/2-370x260.jpg 370w, https:\/\/meteoinfo.si\/wp-content\/uploads\/2026\/08\/2-270x190.jpg 270w, https:\/\/meteoinfo.si\/wp-content\/uploads\/2026\/08\/2-570x401.jpg 570w, https:\/\/meteoinfo.si\/wp-content\/uploads\/2026\/08\/2-740x521.jpg 740w, https:\/\/meteoinfo.si\/wp-content\/uploads\/2026\/08\/2.jpg 1393w\" sizes=\"auto, (max-width: 1024px) 100vw, 1024px\" \/><\/a><\/figure>\n\n\n\n<figure class=\"wp-block-image size-large\"><a class=\"gridlove-popup-img\" href=\"https:\/\/meteoinfo.si\/wp-content\/uploads\/2026\/08\/3.jpg\"><img loading=\"lazy\" decoding=\"async\" width=\"1024\" height=\"724\" src=\"https:\/\/meteoinfo.si\/wp-content\/uploads\/2026\/08\/3-1024x724.jpg\" alt=\"\" class=\"wp-image-16413\" srcset=\"https:\/\/meteoinfo.si\/wp-content\/uploads\/2026\/08\/3-1024x724.jpg 1024w, https:\/\/meteoinfo.si\/wp-content\/uploads\/2026\/08\/3-300x212.jpg 300w, https:\/\/meteoinfo.si\/wp-content\/uploads\/2026\/08\/3-768x543.jpg 768w, https:\/\/meteoinfo.si\/wp-content\/uploads\/2026\/08\/3-370x262.jpg 370w, https:\/\/meteoinfo.si\/wp-content\/uploads\/2026\/08\/3-270x191.jpg 270w, https:\/\/meteoinfo.si\/wp-content\/uploads\/2026\/08\/3-570x403.jpg 570w, https:\/\/meteoinfo.si\/wp-content\/uploads\/2026\/08\/3-740x523.jpg 740w, https:\/\/meteoinfo.si\/wp-content\/uploads\/2026\/08\/3.jpg 1367w\" sizes=\"auto, (max-width: 1024px) 100vw, 1024px\" \/><\/a><\/figure>\n\n\n\n<p class=\"wp-block-paragraph\">Pogled na tornado je zelo dobro zaznal tudi Dopplerjev radar Fossalon v severovzhodni Italiji.Ob pribli\u017eno 15.15 je radar v delu nevihtnega obmo\u010dja zaznal zna\u010dilen vzorec signalov, ki nakazujejo na mo\u017eno prisotnost tornada. Na zelo majhnem obmo\u010dju sta se &#8216;sre\u010dali&#8217; polji z izrazitima nasprotnima smerema horizontalnega vetra glede na lokacijo radarja (radialna komponenta hitrosti). To ka\u017ee na mo\u010dno stri\u017eenje vetra, ki je eden od znakov za mo\u010dno rotacijo, kakr\u0161na lahko spremlja tornado.Na radarski sliki padavin je bila ob istem \u010dasu vidna tudi izrazita kljukasta oblika radarske odbojnosti, ki se pogosto pojavlja pri mo\u010dno rotirajo\u010dih nevihtah.Kombinacija kljukastega odboja in zelo izrazite rotacije na Dopplerjevih meritvah se dobro ujema s posnetkom tornada s terena.<\/p>\n\n\n\n<p class=\"wp-block-paragraph\">Vir slik: <a href=\"https:\/\/iradar.app\/?fbclid=IwcGRvZgVleHRuA2FlbQIxMABicmlkETBId0UySTdmWG42WjQ4V01Uc3J0YwZhcHBfaWQQMjIyMDM5MTc4ODIwMDg5MgABHi9Jj9l8Of4qYF5GT2FOOB1jrUkm8zY4h5RRRmPhSonXS1oQm2XBpwh6TM6B_aem_5yEEwN2J5zUtYTKY7JDBXA\" target=\"_blank\" rel=\"noopener\">iradar.app<\/a><\/p>\n\n\n\n<figure class=\"wp-block-image size-large\"><a class=\"gridlove-popup-img\" href=\"https:\/\/meteoinfo.si\/wp-content\/uploads\/2026\/08\/778869712_4092410401056073_7373061937374659755_n.jpg\"><img loading=\"lazy\" decoding=\"async\" width=\"1024\" height=\"716\" src=\"https:\/\/meteoinfo.si\/wp-content\/uploads\/2026\/08\/778869712_4092410401056073_7373061937374659755_n-1024x716.jpg\" alt=\"\" class=\"wp-image-16414\" srcset=\"https:\/\/meteoinfo.si\/wp-content\/uploads\/2026\/08\/778869712_4092410401056073_7373061937374659755_n-1024x716.jpg 1024w, https:\/\/meteoinfo.si\/wp-content\/uploads\/2026\/08\/778869712_4092410401056073_7373061937374659755_n-300x210.jpg 300w, https:\/\/meteoinfo.si\/wp-content\/uploads\/2026\/08\/778869712_4092410401056073_7373061937374659755_n-768x537.jpg 768w, https:\/\/meteoinfo.si\/wp-content\/uploads\/2026\/08\/778869712_4092410401056073_7373061937374659755_n-1536x1074.jpg 1536w, https:\/\/meteoinfo.si\/wp-content\/uploads\/2026\/08\/778869712_4092410401056073_7373061937374659755_n-370x259.jpg 370w, https:\/\/meteoinfo.si\/wp-content\/uploads\/2026\/08\/778869712_4092410401056073_7373061937374659755_n-270x189.jpg 270w, https:\/\/meteoinfo.si\/wp-content\/uploads\/2026\/08\/778869712_4092410401056073_7373061937374659755_n-570x399.jpg 570w, https:\/\/meteoinfo.si\/wp-content\/uploads\/2026\/08\/778869712_4092410401056073_7373061937374659755_n-740x517.jpg 740w, https:\/\/meteoinfo.si\/wp-content\/uploads\/2026\/08\/778869712_4092410401056073_7373061937374659755_n.jpg 1659w\" sizes=\"auto, (max-width: 1024px) 100vw, 1024px\" \/><\/a><\/figure>\n\n\n\n<figure class=\"wp-block-image size-large\"><a class=\"gridlove-popup-img\" href=\"https:\/\/meteoinfo.si\/wp-content\/uploads\/2026\/08\/779004576_1068027955805089_2953534032720047453_n.jpg\"><img loading=\"lazy\" decoding=\"async\" width=\"1024\" height=\"638\" src=\"https:\/\/meteoinfo.si\/wp-content\/uploads\/2026\/08\/779004576_1068027955805089_2953534032720047453_n-1024x638.jpg\" alt=\"\" class=\"wp-image-16415\" srcset=\"https:\/\/meteoinfo.si\/wp-content\/uploads\/2026\/08\/779004576_1068027955805089_2953534032720047453_n-1024x638.jpg 1024w, https:\/\/meteoinfo.si\/wp-content\/uploads\/2026\/08\/779004576_1068027955805089_2953534032720047453_n-300x187.jpg 300w, https:\/\/meteoinfo.si\/wp-content\/uploads\/2026\/08\/779004576_1068027955805089_2953534032720047453_n-768x478.jpg 768w, https:\/\/meteoinfo.si\/wp-content\/uploads\/2026\/08\/779004576_1068027955805089_2953534032720047453_n-370x230.jpg 370w, https:\/\/meteoinfo.si\/wp-content\/uploads\/2026\/08\/779004576_1068027955805089_2953534032720047453_n-270x168.jpg 270w, https:\/\/meteoinfo.si\/wp-content\/uploads\/2026\/08\/779004576_1068027955805089_2953534032720047453_n-570x355.jpg 570w, https:\/\/meteoinfo.si\/wp-content\/uploads\/2026\/08\/779004576_1068027955805089_2953534032720047453_n-740x461.jpg 740w, https:\/\/meteoinfo.si\/wp-content\/uploads\/2026\/08\/779004576_1068027955805089_2953534032720047453_n.jpg 1243w\" sizes=\"auto, (max-width: 1024px) 100vw, 1024px\" \/><\/a><\/figure>\n\n\n\n<pre class=\"wp-block-code\"><code>\n\n\n\n<\/code><\/pre>\n\n\n\n<p class=\"wp-block-paragraph\">Tornado je bil posnet iz Hru\u0161evice pri \u0160tanjelu.Video: Tja\u0161 Furlan <\/p>\n\n\n\n<figure class=\"wp-block-image size-full\"><a class=\"gridlove-popup-img\" href=\"https:\/\/meteoinfo.si\/wp-content\/uploads\/2026\/08\/hjfjf.jpg\"><img loading=\"lazy\" decoding=\"async\" width=\"690\" height=\"585\" src=\"https:\/\/meteoinfo.si\/wp-content\/uploads\/2026\/08\/hjfjf.jpg\" alt=\"\" class=\"wp-image-16442\" srcset=\"https:\/\/meteoinfo.si\/wp-content\/uploads\/2026\/08\/hjfjf.jpg 690w, https:\/\/meteoinfo.si\/wp-content\/uploads\/2026\/08\/hjfjf-300x254.jpg 300w, https:\/\/meteoinfo.si\/wp-content\/uploads\/2026\/08\/hjfjf-370x314.jpg 370w, https:\/\/meteoinfo.si\/wp-content\/uploads\/2026\/08\/hjfjf-270x229.jpg 270w, https:\/\/meteoinfo.si\/wp-content\/uploads\/2026\/08\/hjfjf-570x483.jpg 570w\" sizes=\"auto, (max-width: 690px) 100vw, 690px\" \/><\/a><\/figure>\n\n\n\n<pre class=\"wp-block-code\"><code><iframe loading=\"lazy\" src=\"https:\/\/www.facebook.com\/plugins\/video.php?height=476&#038;href=https%3A%2F%2Fwww.facebook.com%2Freel%2F3092313347639353%2F&#038;show_text=false&#038;width=267&#038;t=0\" width=\"267\" height=\"476\" style=\"border:none;overflow:hidden\" scrolling=\"no\" frameborder=\"0\" allowfullscreen=\"true\" allow=\"autoplay; clipboard-write; encrypted-media; picture-in-picture; web-share\" allowFullScreen=\"true\"><\/iframe><\/code><\/pre>\n\n\n\n<p class=\"wp-block-paragraph\">Posledice tornada:Vir.RTV,Pop tv, PGD Se\u017eana,PGD Komen itd.<\/p>\n\n\n\n<figure class=\"wp-block-image size-large\"><a class=\"gridlove-popup-img\" href=\"https:\/\/meteoinfo.si\/wp-content\/uploads\/2026\/08\/Messenger_creation_2E7EDED5-A6A4-4229-8476-58B0C3158E9E.jpeg\"><img loading=\"lazy\" decoding=\"async\" width=\"1024\" height=\"473\" src=\"https:\/\/meteoinfo.si\/wp-content\/uploads\/2026\/08\/Messenger_creation_2E7EDED5-A6A4-4229-8476-58B0C3158E9E-1024x473.jpeg\" alt=\"\" class=\"wp-image-16417\" srcset=\"https:\/\/meteoinfo.si\/wp-content\/uploads\/2026\/08\/Messenger_creation_2E7EDED5-A6A4-4229-8476-58B0C3158E9E-1024x473.jpeg 1024w, https:\/\/meteoinfo.si\/wp-content\/uploads\/2026\/08\/Messenger_creation_2E7EDED5-A6A4-4229-8476-58B0C3158E9E-300x139.jpeg 300w, https:\/\/meteoinfo.si\/wp-content\/uploads\/2026\/08\/Messenger_creation_2E7EDED5-A6A4-4229-8476-58B0C3158E9E-768x355.jpeg 768w, https:\/\/meteoinfo.si\/wp-content\/uploads\/2026\/08\/Messenger_creation_2E7EDED5-A6A4-4229-8476-58B0C3158E9E-370x171.jpeg 370w, https:\/\/meteoinfo.si\/wp-content\/uploads\/2026\/08\/Messenger_creation_2E7EDED5-A6A4-4229-8476-58B0C3158E9E-270x125.jpeg 270w, https:\/\/meteoinfo.si\/wp-content\/uploads\/2026\/08\/Messenger_creation_2E7EDED5-A6A4-4229-8476-58B0C3158E9E-570x263.jpeg 570w, https:\/\/meteoinfo.si\/wp-content\/uploads\/2026\/08\/Messenger_creation_2E7EDED5-A6A4-4229-8476-58B0C3158E9E-740x342.jpeg 740w, https:\/\/meteoinfo.si\/wp-content\/uploads\/2026\/08\/Messenger_creation_2E7EDED5-A6A4-4229-8476-58B0C3158E9E.jpeg 1200w\" sizes=\"auto, (max-width: 1024px) 100vw, 1024px\" \/><\/a><\/figure>\n\n\n\n<figure class=\"wp-block-image size-full\"><a class=\"gridlove-popup-img\" href=\"https:\/\/meteoinfo.si\/wp-content\/uploads\/2026\/08\/Messenger_creation_04C80144-1834-43A5-B613-77EED483A300.jpeg\"><img loading=\"lazy\" decoding=\"async\" width=\"800\" height=\"533\" src=\"https:\/\/meteoinfo.si\/wp-content\/uploads\/2026\/08\/Messenger_creation_04C80144-1834-43A5-B613-77EED483A300.jpeg\" alt=\"\" class=\"wp-image-16418\" srcset=\"https:\/\/meteoinfo.si\/wp-content\/uploads\/2026\/08\/Messenger_creation_04C80144-1834-43A5-B613-77EED483A300.jpeg 800w, https:\/\/meteoinfo.si\/wp-content\/uploads\/2026\/08\/Messenger_creation_04C80144-1834-43A5-B613-77EED483A300-300x200.jpeg 300w, https:\/\/meteoinfo.si\/wp-content\/uploads\/2026\/08\/Messenger_creation_04C80144-1834-43A5-B613-77EED483A300-768x512.jpeg 768w, https:\/\/meteoinfo.si\/wp-content\/uploads\/2026\/08\/Messenger_creation_04C80144-1834-43A5-B613-77EED483A300-370x247.jpeg 370w, https:\/\/meteoinfo.si\/wp-content\/uploads\/2026\/08\/Messenger_creation_04C80144-1834-43A5-B613-77EED483A300-270x180.jpeg 270w, https:\/\/meteoinfo.si\/wp-content\/uploads\/2026\/08\/Messenger_creation_04C80144-1834-43A5-B613-77EED483A300-570x380.jpeg 570w, https:\/\/meteoinfo.si\/wp-content\/uploads\/2026\/08\/Messenger_creation_04C80144-1834-43A5-B613-77EED483A300-740x493.jpeg 740w\" sizes=\"auto, (max-width: 800px) 100vw, 800px\" \/><\/a><\/figure>\n\n\n\n<figure class=\"wp-block-image size-large\"><a class=\"gridlove-popup-img\" href=\"https:\/\/meteoinfo.si\/wp-content\/uploads\/2026\/08\/Messenger_creation_05B17B2E-EED5-4866-8A4D-8DE61377B9E8.jpeg\"><img loading=\"lazy\" decoding=\"async\" width=\"883\" height=\"1024\" src=\"https:\/\/meteoinfo.si\/wp-content\/uploads\/2026\/08\/Messenger_creation_05B17B2E-EED5-4866-8A4D-8DE61377B9E8-883x1024.jpeg\" alt=\"\" class=\"wp-image-16419\" srcset=\"https:\/\/meteoinfo.si\/wp-content\/uploads\/2026\/08\/Messenger_creation_05B17B2E-EED5-4866-8A4D-8DE61377B9E8-883x1024.jpeg 883w, https:\/\/meteoinfo.si\/wp-content\/uploads\/2026\/08\/Messenger_creation_05B17B2E-EED5-4866-8A4D-8DE61377B9E8-259x300.jpeg 259w, https:\/\/meteoinfo.si\/wp-content\/uploads\/2026\/08\/Messenger_creation_05B17B2E-EED5-4866-8A4D-8DE61377B9E8-768x890.jpeg 768w, https:\/\/meteoinfo.si\/wp-content\/uploads\/2026\/08\/Messenger_creation_05B17B2E-EED5-4866-8A4D-8DE61377B9E8-370x429.jpeg 370w, https:\/\/meteoinfo.si\/wp-content\/uploads\/2026\/08\/Messenger_creation_05B17B2E-EED5-4866-8A4D-8DE61377B9E8-270x313.jpeg 270w, https:\/\/meteoinfo.si\/wp-content\/uploads\/2026\/08\/Messenger_creation_05B17B2E-EED5-4866-8A4D-8DE61377B9E8-570x661.jpeg 570w, https:\/\/meteoinfo.si\/wp-content\/uploads\/2026\/08\/Messenger_creation_05B17B2E-EED5-4866-8A4D-8DE61377B9E8-740x858.jpeg 740w, https:\/\/meteoinfo.si\/wp-content\/uploads\/2026\/08\/Messenger_creation_05B17B2E-EED5-4866-8A4D-8DE61377B9E8.jpeg 1080w\" sizes=\"auto, (max-width: 883px) 100vw, 883px\" \/><\/a><\/figure>\n\n\n\n<figure class=\"wp-block-image size-full\"><a class=\"gridlove-popup-img\" href=\"https:\/\/meteoinfo.si\/wp-content\/uploads\/2026\/08\/Messenger_creation_8E7643B3-463A-490A-9DEF-1BF978A52A85.jpeg\"><img loading=\"lazy\" decoding=\"async\" width=\"850\" height=\"638\" src=\"https:\/\/meteoinfo.si\/wp-content\/uploads\/2026\/08\/Messenger_creation_8E7643B3-463A-490A-9DEF-1BF978A52A85.jpeg\" alt=\"\" class=\"wp-image-16420\" srcset=\"https:\/\/meteoinfo.si\/wp-content\/uploads\/2026\/08\/Messenger_creation_8E7643B3-463A-490A-9DEF-1BF978A52A85.jpeg 850w, https:\/\/meteoinfo.si\/wp-content\/uploads\/2026\/08\/Messenger_creation_8E7643B3-463A-490A-9DEF-1BF978A52A85-300x225.jpeg 300w, https:\/\/meteoinfo.si\/wp-content\/uploads\/2026\/08\/Messenger_creation_8E7643B3-463A-490A-9DEF-1BF978A52A85-768x576.jpeg 768w, https:\/\/meteoinfo.si\/wp-content\/uploads\/2026\/08\/Messenger_creation_8E7643B3-463A-490A-9DEF-1BF978A52A85-370x278.jpeg 370w, https:\/\/meteoinfo.si\/wp-content\/uploads\/2026\/08\/Messenger_creation_8E7643B3-463A-490A-9DEF-1BF978A52A85-270x203.jpeg 270w, https:\/\/meteoinfo.si\/wp-content\/uploads\/2026\/08\/Messenger_creation_8E7643B3-463A-490A-9DEF-1BF978A52A85-570x428.jpeg 570w, https:\/\/meteoinfo.si\/wp-content\/uploads\/2026\/08\/Messenger_creation_8E7643B3-463A-490A-9DEF-1BF978A52A85-740x555.jpeg 740w, https:\/\/meteoinfo.si\/wp-content\/uploads\/2026\/08\/Messenger_creation_8E7643B3-463A-490A-9DEF-1BF978A52A85-80x60.jpeg 80w\" sizes=\"auto, (max-width: 850px) 100vw, 850px\" \/><\/a><\/figure>\n\n\n\n<figure class=\"wp-block-image size-large\"><a class=\"gridlove-popup-img\" href=\"https:\/\/meteoinfo.si\/wp-content\/uploads\/2026\/08\/Messenger_creation_9B8A8257-5C93-4512-ABD3-56439144E9CA.jpeg\"><img loading=\"lazy\" decoding=\"async\" width=\"1024\" height=\"714\" src=\"https:\/\/meteoinfo.si\/wp-content\/uploads\/2026\/08\/Messenger_creation_9B8A8257-5C93-4512-ABD3-56439144E9CA-1024x714.jpeg\" alt=\"\" class=\"wp-image-16421\" srcset=\"https:\/\/meteoinfo.si\/wp-content\/uploads\/2026\/08\/Messenger_creation_9B8A8257-5C93-4512-ABD3-56439144E9CA-1024x714.jpeg 1024w, https:\/\/meteoinfo.si\/wp-content\/uploads\/2026\/08\/Messenger_creation_9B8A8257-5C93-4512-ABD3-56439144E9CA-300x209.jpeg 300w, https:\/\/meteoinfo.si\/wp-content\/uploads\/2026\/08\/Messenger_creation_9B8A8257-5C93-4512-ABD3-56439144E9CA-768x535.jpeg 768w, https:\/\/meteoinfo.si\/wp-content\/uploads\/2026\/08\/Messenger_creation_9B8A8257-5C93-4512-ABD3-56439144E9CA-370x258.jpeg 370w, https:\/\/meteoinfo.si\/wp-content\/uploads\/2026\/08\/Messenger_creation_9B8A8257-5C93-4512-ABD3-56439144E9CA-270x188.jpeg 270w, https:\/\/meteoinfo.si\/wp-content\/uploads\/2026\/08\/Messenger_creation_9B8A8257-5C93-4512-ABD3-56439144E9CA-570x397.jpeg 570w, https:\/\/meteoinfo.si\/wp-content\/uploads\/2026\/08\/Messenger_creation_9B8A8257-5C93-4512-ABD3-56439144E9CA-740x516.jpeg 740w, https:\/\/meteoinfo.si\/wp-content\/uploads\/2026\/08\/Messenger_creation_9B8A8257-5C93-4512-ABD3-56439144E9CA.jpeg 1080w\" sizes=\"auto, (max-width: 1024px) 100vw, 1024px\" \/><\/a><\/figure>\n\n\n\n<figure class=\"wp-block-image size-large\"><a class=\"gridlove-popup-img\" href=\"https:\/\/meteoinfo.si\/wp-content\/uploads\/2026\/08\/Messenger_creation_51E2F253-A194-49AD-84C7-372174934F09.jpeg\"><img loading=\"lazy\" decoding=\"async\" width=\"813\" height=\"1024\" src=\"https:\/\/meteoinfo.si\/wp-content\/uploads\/2026\/08\/Messenger_creation_51E2F253-A194-49AD-84C7-372174934F09-813x1024.jpeg\" alt=\"\" class=\"wp-image-16422\" srcset=\"https:\/\/meteoinfo.si\/wp-content\/uploads\/2026\/08\/Messenger_creation_51E2F253-A194-49AD-84C7-372174934F09-813x1024.jpeg 813w, https:\/\/meteoinfo.si\/wp-content\/uploads\/2026\/08\/Messenger_creation_51E2F253-A194-49AD-84C7-372174934F09-238x300.jpeg 238w, https:\/\/meteoinfo.si\/wp-content\/uploads\/2026\/08\/Messenger_creation_51E2F253-A194-49AD-84C7-372174934F09-768x968.jpeg 768w, https:\/\/meteoinfo.si\/wp-content\/uploads\/2026\/08\/Messenger_creation_51E2F253-A194-49AD-84C7-372174934F09-370x466.jpeg 370w, https:\/\/meteoinfo.si\/wp-content\/uploads\/2026\/08\/Messenger_creation_51E2F253-A194-49AD-84C7-372174934F09-270x340.jpeg 270w, https:\/\/meteoinfo.si\/wp-content\/uploads\/2026\/08\/Messenger_creation_51E2F253-A194-49AD-84C7-372174934F09-570x718.jpeg 570w, https:\/\/meteoinfo.si\/wp-content\/uploads\/2026\/08\/Messenger_creation_51E2F253-A194-49AD-84C7-372174934F09-740x932.jpeg 740w, https:\/\/meteoinfo.si\/wp-content\/uploads\/2026\/08\/Messenger_creation_51E2F253-A194-49AD-84C7-372174934F09.jpeg 1015w\" sizes=\"auto, (max-width: 813px) 100vw, 813px\" \/><\/a><\/figure>\n\n\n\n<figure class=\"wp-block-image size-full\"><a class=\"gridlove-popup-img\" href=\"https:\/\/meteoinfo.si\/wp-content\/uploads\/2026\/08\/Messenger_creation_57BBA793-D434-443F-B41D-7B05CA58C51F.jpeg\"><img loading=\"lazy\" decoding=\"async\" width=\"600\" height=\"800\" src=\"https:\/\/meteoinfo.si\/wp-content\/uploads\/2026\/08\/Messenger_creation_57BBA793-D434-443F-B41D-7B05CA58C51F.jpeg\" alt=\"\" class=\"wp-image-16423\" srcset=\"https:\/\/meteoinfo.si\/wp-content\/uploads\/2026\/08\/Messenger_creation_57BBA793-D434-443F-B41D-7B05CA58C51F.jpeg 600w, https:\/\/meteoinfo.si\/wp-content\/uploads\/2026\/08\/Messenger_creation_57BBA793-D434-443F-B41D-7B05CA58C51F-225x300.jpeg 225w, https:\/\/meteoinfo.si\/wp-content\/uploads\/2026\/08\/Messenger_creation_57BBA793-D434-443F-B41D-7B05CA58C51F-370x493.jpeg 370w, https:\/\/meteoinfo.si\/wp-content\/uploads\/2026\/08\/Messenger_creation_57BBA793-D434-443F-B41D-7B05CA58C51F-270x360.jpeg 270w, https:\/\/meteoinfo.si\/wp-content\/uploads\/2026\/08\/Messenger_creation_57BBA793-D434-443F-B41D-7B05CA58C51F-570x760.jpeg 570w\" sizes=\"auto, (max-width: 600px) 100vw, 600px\" \/><\/a><\/figure>\n\n\n\n<figure class=\"wp-block-image size-large\"><a class=\"gridlove-popup-img\" href=\"https:\/\/meteoinfo.si\/wp-content\/uploads\/2026\/08\/Messenger_creation_76DD9838-B9C4-413A-A3B0-249334AF5ECF.jpeg\"><img loading=\"lazy\" decoding=\"async\" width=\"768\" height=\"1024\" src=\"https:\/\/meteoinfo.si\/wp-content\/uploads\/2026\/08\/Messenger_creation_76DD9838-B9C4-413A-A3B0-249334AF5ECF-768x1024.jpeg\" alt=\"\" class=\"wp-image-16424\" srcset=\"https:\/\/meteoinfo.si\/wp-content\/uploads\/2026\/08\/Messenger_creation_76DD9838-B9C4-413A-A3B0-249334AF5ECF-768x1024.jpeg 768w, https:\/\/meteoinfo.si\/wp-content\/uploads\/2026\/08\/Messenger_creation_76DD9838-B9C4-413A-A3B0-249334AF5ECF-225x300.jpeg 225w, https:\/\/meteoinfo.si\/wp-content\/uploads\/2026\/08\/Messenger_creation_76DD9838-B9C4-413A-A3B0-249334AF5ECF-1152x1536.jpeg 1152w, https:\/\/meteoinfo.si\/wp-content\/uploads\/2026\/08\/Messenger_creation_76DD9838-B9C4-413A-A3B0-249334AF5ECF-370x493.jpeg 370w, https:\/\/meteoinfo.si\/wp-content\/uploads\/2026\/08\/Messenger_creation_76DD9838-B9C4-413A-A3B0-249334AF5ECF-270x360.jpeg 270w, https:\/\/meteoinfo.si\/wp-content\/uploads\/2026\/08\/Messenger_creation_76DD9838-B9C4-413A-A3B0-249334AF5ECF-570x760.jpeg 570w, https:\/\/meteoinfo.si\/wp-content\/uploads\/2026\/08\/Messenger_creation_76DD9838-B9C4-413A-A3B0-249334AF5ECF-740x987.jpeg 740w, https:\/\/meteoinfo.si\/wp-content\/uploads\/2026\/08\/Messenger_creation_76DD9838-B9C4-413A-A3B0-249334AF5ECF.jpeg 1536w\" sizes=\"auto, (max-width: 768px) 100vw, 768px\" \/><\/a><\/figure>\n\n\n\n<figure class=\"wp-block-image size-large\"><a class=\"gridlove-popup-img\" href=\"https:\/\/meteoinfo.si\/wp-content\/uploads\/2026\/08\/Messenger_creation_582D3854-E4F5-49D2-B159-9427294D2598.jpeg\"><img loading=\"lazy\" decoding=\"async\" width=\"1024\" height=\"675\" src=\"https:\/\/meteoinfo.si\/wp-content\/uploads\/2026\/08\/Messenger_creation_582D3854-E4F5-49D2-B159-9427294D2598-1024x675.jpeg\" alt=\"\" class=\"wp-image-16425\" srcset=\"https:\/\/meteoinfo.si\/wp-content\/uploads\/2026\/08\/Messenger_creation_582D3854-E4F5-49D2-B159-9427294D2598-1024x675.jpeg 1024w, https:\/\/meteoinfo.si\/wp-content\/uploads\/2026\/08\/Messenger_creation_582D3854-E4F5-49D2-B159-9427294D2598-300x198.jpeg 300w, https:\/\/meteoinfo.si\/wp-content\/uploads\/2026\/08\/Messenger_creation_582D3854-E4F5-49D2-B159-9427294D2598-768x507.jpeg 768w, https:\/\/meteoinfo.si\/wp-content\/uploads\/2026\/08\/Messenger_creation_582D3854-E4F5-49D2-B159-9427294D2598-370x244.jpeg 370w, https:\/\/meteoinfo.si\/wp-content\/uploads\/2026\/08\/Messenger_creation_582D3854-E4F5-49D2-B159-9427294D2598-270x178.jpeg 270w, https:\/\/meteoinfo.si\/wp-content\/uploads\/2026\/08\/Messenger_creation_582D3854-E4F5-49D2-B159-9427294D2598-570x376.jpeg 570w, https:\/\/meteoinfo.si\/wp-content\/uploads\/2026\/08\/Messenger_creation_582D3854-E4F5-49D2-B159-9427294D2598-740x488.jpeg 740w, https:\/\/meteoinfo.si\/wp-content\/uploads\/2026\/08\/Messenger_creation_582D3854-E4F5-49D2-B159-9427294D2598.jpeg 1507w\" sizes=\"auto, (max-width: 1024px) 100vw, 1024px\" \/><\/a><\/figure>\n\n\n\n<figure class=\"wp-block-image size-large\"><a class=\"gridlove-popup-img\" href=\"https:\/\/meteoinfo.si\/wp-content\/uploads\/2026\/08\/Messenger_creation_837FAAD0-9CC0-41CB-8B91-1A4176458461.jpeg\"><img loading=\"lazy\" decoding=\"async\" width=\"768\" height=\"1024\" src=\"https:\/\/meteoinfo.si\/wp-content\/uploads\/2026\/08\/Messenger_creation_837FAAD0-9CC0-41CB-8B91-1A4176458461-768x1024.jpeg\" alt=\"\" class=\"wp-image-16426\" srcset=\"https:\/\/meteoinfo.si\/wp-content\/uploads\/2026\/08\/Messenger_creation_837FAAD0-9CC0-41CB-8B91-1A4176458461-768x1024.jpeg 768w, https:\/\/meteoinfo.si\/wp-content\/uploads\/2026\/08\/Messenger_creation_837FAAD0-9CC0-41CB-8B91-1A4176458461-225x300.jpeg 225w, https:\/\/meteoinfo.si\/wp-content\/uploads\/2026\/08\/Messenger_creation_837FAAD0-9CC0-41CB-8B91-1A4176458461-1152x1536.jpeg 1152w, https:\/\/meteoinfo.si\/wp-content\/uploads\/2026\/08\/Messenger_creation_837FAAD0-9CC0-41CB-8B91-1A4176458461-370x493.jpeg 370w, https:\/\/meteoinfo.si\/wp-content\/uploads\/2026\/08\/Messenger_creation_837FAAD0-9CC0-41CB-8B91-1A4176458461-270x360.jpeg 270w, https:\/\/meteoinfo.si\/wp-content\/uploads\/2026\/08\/Messenger_creation_837FAAD0-9CC0-41CB-8B91-1A4176458461-570x760.jpeg 570w, https:\/\/meteoinfo.si\/wp-content\/uploads\/2026\/08\/Messenger_creation_837FAAD0-9CC0-41CB-8B91-1A4176458461-740x987.jpeg 740w, https:\/\/meteoinfo.si\/wp-content\/uploads\/2026\/08\/Messenger_creation_837FAAD0-9CC0-41CB-8B91-1A4176458461.jpeg 1536w\" sizes=\"auto, (max-width: 768px) 100vw, 768px\" \/><\/a><\/figure>\n\n\n\n<figure class=\"wp-block-image size-large\"><a class=\"gridlove-popup-img\" href=\"https:\/\/meteoinfo.si\/wp-content\/uploads\/2026\/08\/Messenger_creation_867C8800-C171-4E56-A7B9-3DFC64FF5318.jpeg\"><img loading=\"lazy\" decoding=\"async\" width=\"768\" height=\"1024\" src=\"https:\/\/meteoinfo.si\/wp-content\/uploads\/2026\/08\/Messenger_creation_867C8800-C171-4E56-A7B9-3DFC64FF5318-768x1024.jpeg\" alt=\"\" class=\"wp-image-16427\" srcset=\"https:\/\/meteoinfo.si\/wp-content\/uploads\/2026\/08\/Messenger_creation_867C8800-C171-4E56-A7B9-3DFC64FF5318-768x1024.jpeg 768w, https:\/\/meteoinfo.si\/wp-content\/uploads\/2026\/08\/Messenger_creation_867C8800-C171-4E56-A7B9-3DFC64FF5318-225x300.jpeg 225w, https:\/\/meteoinfo.si\/wp-content\/uploads\/2026\/08\/Messenger_creation_867C8800-C171-4E56-A7B9-3DFC64FF5318-1152x1536.jpeg 1152w, https:\/\/meteoinfo.si\/wp-content\/uploads\/2026\/08\/Messenger_creation_867C8800-C171-4E56-A7B9-3DFC64FF5318-370x493.jpeg 370w, https:\/\/meteoinfo.si\/wp-content\/uploads\/2026\/08\/Messenger_creation_867C8800-C171-4E56-A7B9-3DFC64FF5318-270x360.jpeg 270w, https:\/\/meteoinfo.si\/wp-content\/uploads\/2026\/08\/Messenger_creation_867C8800-C171-4E56-A7B9-3DFC64FF5318-570x760.jpeg 570w, https:\/\/meteoinfo.si\/wp-content\/uploads\/2026\/08\/Messenger_creation_867C8800-C171-4E56-A7B9-3DFC64FF5318-740x987.jpeg 740w, https:\/\/meteoinfo.si\/wp-content\/uploads\/2026\/08\/Messenger_creation_867C8800-C171-4E56-A7B9-3DFC64FF5318.jpeg 1536w\" sizes=\"auto, (max-width: 768px) 100vw, 768px\" \/><\/a><\/figure>\n\n\n\n<figure class=\"wp-block-image size-full\"><a class=\"gridlove-popup-img\" href=\"https:\/\/meteoinfo.si\/wp-content\/uploads\/2026\/08\/Messenger_creation_1420E9F1-C76A-4BA8-9D2C-20B577A940A7.jpeg\"><img loading=\"lazy\" decoding=\"async\" width=\"800\" height=\"800\" src=\"https:\/\/meteoinfo.si\/wp-content\/uploads\/2026\/08\/Messenger_creation_1420E9F1-C76A-4BA8-9D2C-20B577A940A7.jpeg\" alt=\"\" class=\"wp-image-16428\" srcset=\"https:\/\/meteoinfo.si\/wp-content\/uploads\/2026\/08\/Messenger_creation_1420E9F1-C76A-4BA8-9D2C-20B577A940A7.jpeg 800w, https:\/\/meteoinfo.si\/wp-content\/uploads\/2026\/08\/Messenger_creation_1420E9F1-C76A-4BA8-9D2C-20B577A940A7-300x300.jpeg 300w, https:\/\/meteoinfo.si\/wp-content\/uploads\/2026\/08\/Messenger_creation_1420E9F1-C76A-4BA8-9D2C-20B577A940A7-150x150.jpeg 150w, https:\/\/meteoinfo.si\/wp-content\/uploads\/2026\/08\/Messenger_creation_1420E9F1-C76A-4BA8-9D2C-20B577A940A7-768x768.jpeg 768w, https:\/\/meteoinfo.si\/wp-content\/uploads\/2026\/08\/Messenger_creation_1420E9F1-C76A-4BA8-9D2C-20B577A940A7-370x370.jpeg 370w, https:\/\/meteoinfo.si\/wp-content\/uploads\/2026\/08\/Messenger_creation_1420E9F1-C76A-4BA8-9D2C-20B577A940A7-270x270.jpeg 270w, https:\/\/meteoinfo.si\/wp-content\/uploads\/2026\/08\/Messenger_creation_1420E9F1-C76A-4BA8-9D2C-20B577A940A7-570x570.jpeg 570w, https:\/\/meteoinfo.si\/wp-content\/uploads\/2026\/08\/Messenger_creation_1420E9F1-C76A-4BA8-9D2C-20B577A940A7-740x740.jpeg 740w\" sizes=\"auto, (max-width: 800px) 100vw, 800px\" \/><\/a><\/figure>\n\n\n\n<figure class=\"wp-block-image size-large\"><a class=\"gridlove-popup-img\" href=\"https:\/\/meteoinfo.si\/wp-content\/uploads\/2026\/08\/Messenger_creation_64716AF6-EFC6-42C5-A127-840C6BDC8F12.jpeg\"><img loading=\"lazy\" decoding=\"async\" width=\"793\" height=\"1024\" src=\"https:\/\/meteoinfo.si\/wp-content\/uploads\/2026\/08\/Messenger_creation_64716AF6-EFC6-42C5-A127-840C6BDC8F12-793x1024.jpeg\" alt=\"\" class=\"wp-image-16429\" srcset=\"https:\/\/meteoinfo.si\/wp-content\/uploads\/2026\/08\/Messenger_creation_64716AF6-EFC6-42C5-A127-840C6BDC8F12-793x1024.jpeg 793w, https:\/\/meteoinfo.si\/wp-content\/uploads\/2026\/08\/Messenger_creation_64716AF6-EFC6-42C5-A127-840C6BDC8F12-232x300.jpeg 232w, https:\/\/meteoinfo.si\/wp-content\/uploads\/2026\/08\/Messenger_creation_64716AF6-EFC6-42C5-A127-840C6BDC8F12-768x991.jpeg 768w, https:\/\/meteoinfo.si\/wp-content\/uploads\/2026\/08\/Messenger_creation_64716AF6-EFC6-42C5-A127-840C6BDC8F12-370x478.jpeg 370w, https:\/\/meteoinfo.si\/wp-content\/uploads\/2026\/08\/Messenger_creation_64716AF6-EFC6-42C5-A127-840C6BDC8F12-270x349.jpeg 270w, https:\/\/meteoinfo.si\/wp-content\/uploads\/2026\/08\/Messenger_creation_64716AF6-EFC6-42C5-A127-840C6BDC8F12-570x736.jpeg 570w, https:\/\/meteoinfo.si\/wp-content\/uploads\/2026\/08\/Messenger_creation_64716AF6-EFC6-42C5-A127-840C6BDC8F12-740x955.jpeg 740w, https:\/\/meteoinfo.si\/wp-content\/uploads\/2026\/08\/Messenger_creation_64716AF6-EFC6-42C5-A127-840C6BDC8F12.jpeg 1080w\" sizes=\"auto, (max-width: 793px) 100vw, 793px\" \/><\/a><\/figure>\n\n\n\n<figure class=\"wp-block-image size-large\"><a class=\"gridlove-popup-img\" href=\"https:\/\/meteoinfo.si\/wp-content\/uploads\/2026\/08\/Messenger_creation_176135A8-EEE6-4A5D-B3C0-3D2C6F3B82D8.jpeg\"><img loading=\"lazy\" decoding=\"async\" width=\"838\" height=\"1024\" src=\"https:\/\/meteoinfo.si\/wp-content\/uploads\/2026\/08\/Messenger_creation_176135A8-EEE6-4A5D-B3C0-3D2C6F3B82D8-838x1024.jpeg\" alt=\"\" class=\"wp-image-16430\" srcset=\"https:\/\/meteoinfo.si\/wp-content\/uploads\/2026\/08\/Messenger_creation_176135A8-EEE6-4A5D-B3C0-3D2C6F3B82D8-838x1024.jpeg 838w, https:\/\/meteoinfo.si\/wp-content\/uploads\/2026\/08\/Messenger_creation_176135A8-EEE6-4A5D-B3C0-3D2C6F3B82D8-246x300.jpeg 246w, https:\/\/meteoinfo.si\/wp-content\/uploads\/2026\/08\/Messenger_creation_176135A8-EEE6-4A5D-B3C0-3D2C6F3B82D8-768x938.jpeg 768w, https:\/\/meteoinfo.si\/wp-content\/uploads\/2026\/08\/Messenger_creation_176135A8-EEE6-4A5D-B3C0-3D2C6F3B82D8-370x452.jpeg 370w, https:\/\/meteoinfo.si\/wp-content\/uploads\/2026\/08\/Messenger_creation_176135A8-EEE6-4A5D-B3C0-3D2C6F3B82D8-270x330.jpeg 270w, https:\/\/meteoinfo.si\/wp-content\/uploads\/2026\/08\/Messenger_creation_176135A8-EEE6-4A5D-B3C0-3D2C6F3B82D8-570x696.jpeg 570w, https:\/\/meteoinfo.si\/wp-content\/uploads\/2026\/08\/Messenger_creation_176135A8-EEE6-4A5D-B3C0-3D2C6F3B82D8-740x904.jpeg 740w, https:\/\/meteoinfo.si\/wp-content\/uploads\/2026\/08\/Messenger_creation_176135A8-EEE6-4A5D-B3C0-3D2C6F3B82D8.jpeg 1026w\" sizes=\"auto, (max-width: 838px) 100vw, 838px\" \/><\/a><\/figure>\n\n\n\n<figure class=\"wp-block-image size-full\"><a class=\"gridlove-popup-img\" href=\"https:\/\/meteoinfo.si\/wp-content\/uploads\/2026\/08\/Messenger_creation_4709240D-1E2D-4DEC-8507-A32D126A5878.jpeg\"><img loading=\"lazy\" decoding=\"async\" width=\"720\" height=\"960\" src=\"https:\/\/meteoinfo.si\/wp-content\/uploads\/2026\/08\/Messenger_creation_4709240D-1E2D-4DEC-8507-A32D126A5878.jpeg\" alt=\"\" class=\"wp-image-16431\" srcset=\"https:\/\/meteoinfo.si\/wp-content\/uploads\/2026\/08\/Messenger_creation_4709240D-1E2D-4DEC-8507-A32D126A5878.jpeg 720w, https:\/\/meteoinfo.si\/wp-content\/uploads\/2026\/08\/Messenger_creation_4709240D-1E2D-4DEC-8507-A32D126A5878-225x300.jpeg 225w, https:\/\/meteoinfo.si\/wp-content\/uploads\/2026\/08\/Messenger_creation_4709240D-1E2D-4DEC-8507-A32D126A5878-370x493.jpeg 370w, https:\/\/meteoinfo.si\/wp-content\/uploads\/2026\/08\/Messenger_creation_4709240D-1E2D-4DEC-8507-A32D126A5878-270x360.jpeg 270w, https:\/\/meteoinfo.si\/wp-content\/uploads\/2026\/08\/Messenger_creation_4709240D-1E2D-4DEC-8507-A32D126A5878-570x760.jpeg 570w\" sizes=\"auto, (max-width: 720px) 100vw, 720px\" \/><\/a><\/figure>\n\n\n\n<figure class=\"wp-block-image size-large\"><a class=\"gridlove-popup-img\" href=\"https:\/\/meteoinfo.si\/wp-content\/uploads\/2026\/08\/Messenger_creation_06379347-12CF-4CB4-84FE-8013A2B37775.jpeg\"><img loading=\"lazy\" decoding=\"async\" width=\"874\" height=\"1024\" src=\"https:\/\/meteoinfo.si\/wp-content\/uploads\/2026\/08\/Messenger_creation_06379347-12CF-4CB4-84FE-8013A2B37775-874x1024.jpeg\" alt=\"\" class=\"wp-image-16432\" srcset=\"https:\/\/meteoinfo.si\/wp-content\/uploads\/2026\/08\/Messenger_creation_06379347-12CF-4CB4-84FE-8013A2B37775-874x1024.jpeg 874w, https:\/\/meteoinfo.si\/wp-content\/uploads\/2026\/08\/Messenger_creation_06379347-12CF-4CB4-84FE-8013A2B37775-256x300.jpeg 256w, https:\/\/meteoinfo.si\/wp-content\/uploads\/2026\/08\/Messenger_creation_06379347-12CF-4CB4-84FE-8013A2B37775-768x900.jpeg 768w, https:\/\/meteoinfo.si\/wp-content\/uploads\/2026\/08\/Messenger_creation_06379347-12CF-4CB4-84FE-8013A2B37775-370x434.jpeg 370w, https:\/\/meteoinfo.si\/wp-content\/uploads\/2026\/08\/Messenger_creation_06379347-12CF-4CB4-84FE-8013A2B37775-270x316.jpeg 270w, https:\/\/meteoinfo.si\/wp-content\/uploads\/2026\/08\/Messenger_creation_06379347-12CF-4CB4-84FE-8013A2B37775-570x668.jpeg 570w, https:\/\/meteoinfo.si\/wp-content\/uploads\/2026\/08\/Messenger_creation_06379347-12CF-4CB4-84FE-8013A2B37775-740x867.jpeg 740w, https:\/\/meteoinfo.si\/wp-content\/uploads\/2026\/08\/Messenger_creation_06379347-12CF-4CB4-84FE-8013A2B37775.jpeg 1069w\" sizes=\"auto, (max-width: 874px) 100vw, 874px\" \/><\/a><\/figure>\n\n\n\n<figure class=\"wp-block-image size-large\"><a class=\"gridlove-popup-img\" href=\"https:\/\/meteoinfo.si\/wp-content\/uploads\/2026\/08\/Messenger_creation_B68C3426-BA47-4AB5-B46C-718936F0CA85.jpeg\"><img loading=\"lazy\" decoding=\"async\" width=\"1024\" height=\"766\" src=\"https:\/\/meteoinfo.si\/wp-content\/uploads\/2026\/08\/Messenger_creation_B68C3426-BA47-4AB5-B46C-718936F0CA85-1024x766.jpeg\" alt=\"\" class=\"wp-image-16433\" srcset=\"https:\/\/meteoinfo.si\/wp-content\/uploads\/2026\/08\/Messenger_creation_B68C3426-BA47-4AB5-B46C-718936F0CA85-1024x766.jpeg 1024w, https:\/\/meteoinfo.si\/wp-content\/uploads\/2026\/08\/Messenger_creation_B68C3426-BA47-4AB5-B46C-718936F0CA85-300x224.jpeg 300w, https:\/\/meteoinfo.si\/wp-content\/uploads\/2026\/08\/Messenger_creation_B68C3426-BA47-4AB5-B46C-718936F0CA85-768x575.jpeg 768w, https:\/\/meteoinfo.si\/wp-content\/uploads\/2026\/08\/Messenger_creation_B68C3426-BA47-4AB5-B46C-718936F0CA85-1536x1149.jpeg 1536w, https:\/\/meteoinfo.si\/wp-content\/uploads\/2026\/08\/Messenger_creation_B68C3426-BA47-4AB5-B46C-718936F0CA85-370x277.jpeg 370w, https:\/\/meteoinfo.si\/wp-content\/uploads\/2026\/08\/Messenger_creation_B68C3426-BA47-4AB5-B46C-718936F0CA85-270x202.jpeg 270w, https:\/\/meteoinfo.si\/wp-content\/uploads\/2026\/08\/Messenger_creation_B68C3426-BA47-4AB5-B46C-718936F0CA85-570x426.jpeg 570w, https:\/\/meteoinfo.si\/wp-content\/uploads\/2026\/08\/Messenger_creation_B68C3426-BA47-4AB5-B46C-718936F0CA85-740x554.jpeg 740w, https:\/\/meteoinfo.si\/wp-content\/uploads\/2026\/08\/Messenger_creation_B68C3426-BA47-4AB5-B46C-718936F0CA85-80x60.jpeg 80w, https:\/\/meteoinfo.si\/wp-content\/uploads\/2026\/08\/Messenger_creation_B68C3426-BA47-4AB5-B46C-718936F0CA85.jpeg 2048w\" sizes=\"auto, (max-width: 1024px) 100vw, 1024px\" \/><\/a><\/figure>\n\n\n\n<figure class=\"wp-block-image size-large\"><a class=\"gridlove-popup-img\" href=\"https:\/\/meteoinfo.si\/wp-content\/uploads\/2026\/08\/Messenger_creation_CF4DE23D-3789-4022-A584-FD493E959D2F.jpeg\"><img loading=\"lazy\" decoding=\"async\" width=\"1024\" height=\"605\" src=\"https:\/\/meteoinfo.si\/wp-content\/uploads\/2026\/08\/Messenger_creation_CF4DE23D-3789-4022-A584-FD493E959D2F-1024x605.jpeg\" alt=\"\" class=\"wp-image-16434\" srcset=\"https:\/\/meteoinfo.si\/wp-content\/uploads\/2026\/08\/Messenger_creation_CF4DE23D-3789-4022-A584-FD493E959D2F-1024x605.jpeg 1024w, https:\/\/meteoinfo.si\/wp-content\/uploads\/2026\/08\/Messenger_creation_CF4DE23D-3789-4022-A584-FD493E959D2F-300x177.jpeg 300w, https:\/\/meteoinfo.si\/wp-content\/uploads\/2026\/08\/Messenger_creation_CF4DE23D-3789-4022-A584-FD493E959D2F-768x453.jpeg 768w, https:\/\/meteoinfo.si\/wp-content\/uploads\/2026\/08\/Messenger_creation_CF4DE23D-3789-4022-A584-FD493E959D2F-370x218.jpeg 370w, https:\/\/meteoinfo.si\/wp-content\/uploads\/2026\/08\/Messenger_creation_CF4DE23D-3789-4022-A584-FD493E959D2F-270x159.jpeg 270w, https:\/\/meteoinfo.si\/wp-content\/uploads\/2026\/08\/Messenger_creation_CF4DE23D-3789-4022-A584-FD493E959D2F-570x337.jpeg 570w, https:\/\/meteoinfo.si\/wp-content\/uploads\/2026\/08\/Messenger_creation_CF4DE23D-3789-4022-A584-FD493E959D2F-740x437.jpeg 740w, https:\/\/meteoinfo.si\/wp-content\/uploads\/2026\/08\/Messenger_creation_CF4DE23D-3789-4022-A584-FD493E959D2F.jpeg 1028w\" sizes=\"auto, (max-width: 1024px) 100vw, 1024px\" \/><\/a><\/figure>\n\n\n\n<figure class=\"wp-block-image size-large\"><a class=\"gridlove-popup-img\" href=\"https:\/\/meteoinfo.si\/wp-content\/uploads\/2026\/08\/Messenger_creation_EC63AC48-CBB8-4B82-8129-BE519E7D5702.jpeg\"><img loading=\"lazy\" decoding=\"async\" width=\"1024\" height=\"768\" src=\"https:\/\/meteoinfo.si\/wp-content\/uploads\/2026\/08\/Messenger_creation_EC63AC48-CBB8-4B82-8129-BE519E7D5702-1024x768.jpeg\" alt=\"\" class=\"wp-image-16435\" srcset=\"https:\/\/meteoinfo.si\/wp-content\/uploads\/2026\/08\/Messenger_creation_EC63AC48-CBB8-4B82-8129-BE519E7D5702-1024x768.jpeg 1024w, https:\/\/meteoinfo.si\/wp-content\/uploads\/2026\/08\/Messenger_creation_EC63AC48-CBB8-4B82-8129-BE519E7D5702-300x225.jpeg 300w, https:\/\/meteoinfo.si\/wp-content\/uploads\/2026\/08\/Messenger_creation_EC63AC48-CBB8-4B82-8129-BE519E7D5702-768x576.jpeg 768w, https:\/\/meteoinfo.si\/wp-content\/uploads\/2026\/08\/Messenger_creation_EC63AC48-CBB8-4B82-8129-BE519E7D5702-1536x1152.jpeg 1536w, https:\/\/meteoinfo.si\/wp-content\/uploads\/2026\/08\/Messenger_creation_EC63AC48-CBB8-4B82-8129-BE519E7D5702-370x278.jpeg 370w, https:\/\/meteoinfo.si\/wp-content\/uploads\/2026\/08\/Messenger_creation_EC63AC48-CBB8-4B82-8129-BE519E7D5702-270x203.jpeg 270w, https:\/\/meteoinfo.si\/wp-content\/uploads\/2026\/08\/Messenger_creation_EC63AC48-CBB8-4B82-8129-BE519E7D5702-570x428.jpeg 570w, https:\/\/meteoinfo.si\/wp-content\/uploads\/2026\/08\/Messenger_creation_EC63AC48-CBB8-4B82-8129-BE519E7D5702-740x555.jpeg 740w, https:\/\/meteoinfo.si\/wp-content\/uploads\/2026\/08\/Messenger_creation_EC63AC48-CBB8-4B82-8129-BE519E7D5702-80x60.jpeg 80w, https:\/\/meteoinfo.si\/wp-content\/uploads\/2026\/08\/Messenger_creation_EC63AC48-CBB8-4B82-8129-BE519E7D5702.jpeg 2048w\" sizes=\"auto, (max-width: 1024px) 100vw, 1024px\" \/><\/a><\/figure>\n\n\n\n<figure class=\"wp-block-image size-large\"><a class=\"gridlove-popup-img\" href=\"https:\/\/meteoinfo.si\/wp-content\/uploads\/2026\/08\/Messenger_creation_EFD0B3DD-C790-49AC-8FE3-0B164A43A8CB.jpeg\"><img loading=\"lazy\" decoding=\"async\" width=\"1024\" height=\"576\" src=\"https:\/\/meteoinfo.si\/wp-content\/uploads\/2026\/08\/Messenger_creation_EFD0B3DD-C790-49AC-8FE3-0B164A43A8CB-1024x576.jpeg\" alt=\"\" class=\"wp-image-16436\" srcset=\"https:\/\/meteoinfo.si\/wp-content\/uploads\/2026\/08\/Messenger_creation_EFD0B3DD-C790-49AC-8FE3-0B164A43A8CB-1024x576.jpeg 1024w, https:\/\/meteoinfo.si\/wp-content\/uploads\/2026\/08\/Messenger_creation_EFD0B3DD-C790-49AC-8FE3-0B164A43A8CB-300x169.jpeg 300w, https:\/\/meteoinfo.si\/wp-content\/uploads\/2026\/08\/Messenger_creation_EFD0B3DD-C790-49AC-8FE3-0B164A43A8CB-768x432.jpeg 768w, https:\/\/meteoinfo.si\/wp-content\/uploads\/2026\/08\/Messenger_creation_EFD0B3DD-C790-49AC-8FE3-0B164A43A8CB-1536x864.jpeg 1536w, https:\/\/meteoinfo.si\/wp-content\/uploads\/2026\/08\/Messenger_creation_EFD0B3DD-C790-49AC-8FE3-0B164A43A8CB-370x208.jpeg 370w, https:\/\/meteoinfo.si\/wp-content\/uploads\/2026\/08\/Messenger_creation_EFD0B3DD-C790-49AC-8FE3-0B164A43A8CB-270x152.jpeg 270w, https:\/\/meteoinfo.si\/wp-content\/uploads\/2026\/08\/Messenger_creation_EFD0B3DD-C790-49AC-8FE3-0B164A43A8CB-570x321.jpeg 570w, https:\/\/meteoinfo.si\/wp-content\/uploads\/2026\/08\/Messenger_creation_EFD0B3DD-C790-49AC-8FE3-0B164A43A8CB-740x416.jpeg 740w, https:\/\/meteoinfo.si\/wp-content\/uploads\/2026\/08\/Messenger_creation_EFD0B3DD-C790-49AC-8FE3-0B164A43A8CB.jpeg 1920w\" sizes=\"auto, (max-width: 1024px) 100vw, 1024px\" \/><\/a><\/figure>\n\n\n\n<figure class=\"wp-block-image size-large\"><a class=\"gridlove-popup-img\" href=\"https:\/\/meteoinfo.si\/wp-content\/uploads\/2026\/08\/Messenger_creation_F7F81F96-AEA4-49C0-8A1C-0601C116A903.jpeg\"><img loading=\"lazy\" decoding=\"async\" width=\"1024\" height=\"473\" src=\"https:\/\/meteoinfo.si\/wp-content\/uploads\/2026\/08\/Messenger_creation_F7F81F96-AEA4-49C0-8A1C-0601C116A903-1024x473.jpeg\" alt=\"\" class=\"wp-image-16437\" srcset=\"https:\/\/meteoinfo.si\/wp-content\/uploads\/2026\/08\/Messenger_creation_F7F81F96-AEA4-49C0-8A1C-0601C116A903-1024x473.jpeg 1024w, https:\/\/meteoinfo.si\/wp-content\/uploads\/2026\/08\/Messenger_creation_F7F81F96-AEA4-49C0-8A1C-0601C116A903-300x139.jpeg 300w, https:\/\/meteoinfo.si\/wp-content\/uploads\/2026\/08\/Messenger_creation_F7F81F96-AEA4-49C0-8A1C-0601C116A903-768x355.jpeg 768w, https:\/\/meteoinfo.si\/wp-content\/uploads\/2026\/08\/Messenger_creation_F7F81F96-AEA4-49C0-8A1C-0601C116A903-1536x709.jpeg 1536w, https:\/\/meteoinfo.si\/wp-content\/uploads\/2026\/08\/Messenger_creation_F7F81F96-AEA4-49C0-8A1C-0601C116A903-370x171.jpeg 370w, https:\/\/meteoinfo.si\/wp-content\/uploads\/2026\/08\/Messenger_creation_F7F81F96-AEA4-49C0-8A1C-0601C116A903-270x125.jpeg 270w, https:\/\/meteoinfo.si\/wp-content\/uploads\/2026\/08\/Messenger_creation_F7F81F96-AEA4-49C0-8A1C-0601C116A903-570x263.jpeg 570w, https:\/\/meteoinfo.si\/wp-content\/uploads\/2026\/08\/Messenger_creation_F7F81F96-AEA4-49C0-8A1C-0601C116A903-740x342.jpeg 740w, https:\/\/meteoinfo.si\/wp-content\/uploads\/2026\/08\/Messenger_creation_F7F81F96-AEA4-49C0-8A1C-0601C116A903.jpeg 2040w\" sizes=\"auto, (max-width: 1024px) 100vw, 1024px\" \/><\/a><\/figure>\n\n\n\n<figure class=\"wp-block-image size-large\"><a class=\"gridlove-popup-img\" href=\"https:\/\/meteoinfo.si\/wp-content\/uploads\/2026\/08\/Messenger_creation_F53DF04A-2466-4DEB-B984-AB6197EE9E70.jpeg\"><img loading=\"lazy\" decoding=\"async\" width=\"1024\" height=\"769\" src=\"https:\/\/meteoinfo.si\/wp-content\/uploads\/2026\/08\/Messenger_creation_F53DF04A-2466-4DEB-B984-AB6197EE9E70-1024x769.jpeg\" alt=\"\" class=\"wp-image-16438\" srcset=\"https:\/\/meteoinfo.si\/wp-content\/uploads\/2026\/08\/Messenger_creation_F53DF04A-2466-4DEB-B984-AB6197EE9E70-1024x769.jpeg 1024w, https:\/\/meteoinfo.si\/wp-content\/uploads\/2026\/08\/Messenger_creation_F53DF04A-2466-4DEB-B984-AB6197EE9E70-300x225.jpeg 300w, https:\/\/meteoinfo.si\/wp-content\/uploads\/2026\/08\/Messenger_creation_F53DF04A-2466-4DEB-B984-AB6197EE9E70-768x576.jpeg 768w, https:\/\/meteoinfo.si\/wp-content\/uploads\/2026\/08\/Messenger_creation_F53DF04A-2466-4DEB-B984-AB6197EE9E70-370x278.jpeg 370w, https:\/\/meteoinfo.si\/wp-content\/uploads\/2026\/08\/Messenger_creation_F53DF04A-2466-4DEB-B984-AB6197EE9E70-270x203.jpeg 270w, https:\/\/meteoinfo.si\/wp-content\/uploads\/2026\/08\/Messenger_creation_F53DF04A-2466-4DEB-B984-AB6197EE9E70-570x428.jpeg 570w, https:\/\/meteoinfo.si\/wp-content\/uploads\/2026\/08\/Messenger_creation_F53DF04A-2466-4DEB-B984-AB6197EE9E70-740x555.jpeg 740w, https:\/\/meteoinfo.si\/wp-content\/uploads\/2026\/08\/Messenger_creation_F53DF04A-2466-4DEB-B984-AB6197EE9E70-80x60.jpeg 80w, https:\/\/meteoinfo.si\/wp-content\/uploads\/2026\/08\/Messenger_creation_F53DF04A-2466-4DEB-B984-AB6197EE9E70.jpeg 1199w\" sizes=\"auto, (max-width: 1024px) 100vw, 1024px\" \/><\/a><\/figure>\n\n\n\n<figure class=\"wp-block-image size-large\"><a class=\"gridlove-popup-img\" href=\"https:\/\/meteoinfo.si\/wp-content\/uploads\/2026\/08\/Messenger_creation_F2817B16-BF37-47D7-9D1A-F7C55A218FC0.jpeg\"><img loading=\"lazy\" decoding=\"async\" width=\"1024\" height=\"473\" src=\"https:\/\/meteoinfo.si\/wp-content\/uploads\/2026\/08\/Messenger_creation_F2817B16-BF37-47D7-9D1A-F7C55A218FC0-1024x473.jpeg\" alt=\"\" class=\"wp-image-16439\" srcset=\"https:\/\/meteoinfo.si\/wp-content\/uploads\/2026\/08\/Messenger_creation_F2817B16-BF37-47D7-9D1A-F7C55A218FC0-1024x473.jpeg 1024w, https:\/\/meteoinfo.si\/wp-content\/uploads\/2026\/08\/Messenger_creation_F2817B16-BF37-47D7-9D1A-F7C55A218FC0-300x139.jpeg 300w, https:\/\/meteoinfo.si\/wp-content\/uploads\/2026\/08\/Messenger_creation_F2817B16-BF37-47D7-9D1A-F7C55A218FC0-768x355.jpeg 768w, https:\/\/meteoinfo.si\/wp-content\/uploads\/2026\/08\/Messenger_creation_F2817B16-BF37-47D7-9D1A-F7C55A218FC0-370x171.jpeg 370w, https:\/\/meteoinfo.si\/wp-content\/uploads\/2026\/08\/Messenger_creation_F2817B16-BF37-47D7-9D1A-F7C55A218FC0-270x125.jpeg 270w, https:\/\/meteoinfo.si\/wp-content\/uploads\/2026\/08\/Messenger_creation_F2817B16-BF37-47D7-9D1A-F7C55A218FC0-570x263.jpeg 570w, https:\/\/meteoinfo.si\/wp-content\/uploads\/2026\/08\/Messenger_creation_F2817B16-BF37-47D7-9D1A-F7C55A218FC0-740x342.jpeg 740w, https:\/\/meteoinfo.si\/wp-content\/uploads\/2026\/08\/Messenger_creation_F2817B16-BF37-47D7-9D1A-F7C55A218FC0.jpeg 1360w\" sizes=\"auto, (max-width: 1024px) 100vw, 1024px\" \/><\/a><\/figure>\n\n\n\n<p class=\"wp-block-paragraph\"><strong>Vodna tromba na obmo\u010dju Hrva\u0161ke Istre(Zambratija), 22.8.2026. Avtor:Ale\u0161 Rozman<\/strong><\/p>\n\n\n\n<figure class=\"wp-block-image size-large\"><a class=\"gridlove-popup-img\" href=\"https:\/\/meteoinfo.si\/wp-content\/uploads\/2026\/08\/22.8.jpg\"><img loading=\"lazy\" decoding=\"async\" width=\"591\" height=\"1024\" src=\"https:\/\/meteoinfo.si\/wp-content\/uploads\/2026\/08\/22.8-591x1024.jpg\" alt=\"\" class=\"wp-image-16450\" srcset=\"https:\/\/meteoinfo.si\/wp-content\/uploads\/2026\/08\/22.8-591x1024.jpg 591w, https:\/\/meteoinfo.si\/wp-content\/uploads\/2026\/08\/22.8-173x300.jpg 173w, https:\/\/meteoinfo.si\/wp-content\/uploads\/2026\/08\/22.8-768x1331.jpg 768w, https:\/\/meteoinfo.si\/wp-content\/uploads\/2026\/08\/22.8-887x1536.jpg 887w, https:\/\/meteoinfo.si\/wp-content\/uploads\/2026\/08\/22.8-370x641.jpg 370w, https:\/\/meteoinfo.si\/wp-content\/uploads\/2026\/08\/22.8-270x468.jpg 270w, https:\/\/meteoinfo.si\/wp-content\/uploads\/2026\/08\/22.8-570x988.jpg 570w, https:\/\/meteoinfo.si\/wp-content\/uploads\/2026\/08\/22.8-740x1282.jpg 740w, https:\/\/meteoinfo.si\/wp-content\/uploads\/2026\/08\/22.8.jpg 1182w\" sizes=\"auto, (max-width: 591px) 100vw, 591px\" \/><\/a><figcaption class=\"wp-element-caption\">Screenshot<\/figcaption><\/figure>\n\n\n\n<figure class=\"wp-block-image size-full\"><a class=\"gridlove-popup-img\" href=\"https:\/\/meteoinfo.si\/wp-content\/uploads\/2026\/08\/radar_animacija_slo_10_2026-08-22_07-00_5h.gif\"><img loading=\"lazy\" decoding=\"async\" width=\"960\" height=\"700\" src=\"https:\/\/meteoinfo.si\/wp-content\/uploads\/2026\/08\/radar_animacija_slo_10_2026-08-22_07-00_5h.gif\" alt=\"\" class=\"wp-image-16455\"\/><\/a><\/figure>\n\n\n\n<figure class=\"wp-block-image size-large\"><img loading=\"lazy\" decoding=\"async\" width=\"1024\" height=\"683\" src=\"https:\/\/meteoinfo.si\/wp-content\/uploads\/2026\/08\/N0E3749-1-1024x683.jpg\" alt=\"\" class=\"wp-image-16447\" srcset=\"https:\/\/meteoinfo.si\/wp-content\/uploads\/2026\/08\/N0E3749-1-1024x683.jpg 1024w, https:\/\/meteoinfo.si\/wp-content\/uploads\/2026\/08\/N0E3749-1-300x200.jpg 300w, https:\/\/meteoinfo.si\/wp-content\/uploads\/2026\/08\/N0E3749-1-768x512.jpg 768w, https:\/\/meteoinfo.si\/wp-content\/uploads\/2026\/08\/N0E3749-1-1536x1024.jpg 1536w, https:\/\/meteoinfo.si\/wp-content\/uploads\/2026\/08\/N0E3749-1-2048x1365.jpg 2048w, https:\/\/meteoinfo.si\/wp-content\/uploads\/2026\/08\/N0E3749-1-370x247.jpg 370w, https:\/\/meteoinfo.si\/wp-content\/uploads\/2026\/08\/N0E3749-1-270x180.jpg 270w, https:\/\/meteoinfo.si\/wp-content\/uploads\/2026\/08\/N0E3749-1-570x380.jpg 570w, https:\/\/meteoinfo.si\/wp-content\/uploads\/2026\/08\/N0E3749-1-740x493.jpg 740w\" sizes=\"auto, (max-width: 1024px) 100vw, 1024px\" \/><\/figure>\n\n\n\n<figure class=\"wp-block-image size-large\"><img loading=\"lazy\" decoding=\"async\" width=\"1024\" height=\"683\" src=\"https:\/\/meteoinfo.si\/wp-content\/uploads\/2026\/08\/N0E3752-1-1024x683.jpg\" alt=\"\" class=\"wp-image-16448\" srcset=\"https:\/\/meteoinfo.si\/wp-content\/uploads\/2026\/08\/N0E3752-1-1024x683.jpg 1024w, https:\/\/meteoinfo.si\/wp-content\/uploads\/2026\/08\/N0E3752-1-300x200.jpg 300w, https:\/\/meteoinfo.si\/wp-content\/uploads\/2026\/08\/N0E3752-1-768x512.jpg 768w, https:\/\/meteoinfo.si\/wp-content\/uploads\/2026\/08\/N0E3752-1-1536x1024.jpg 1536w, https:\/\/meteoinfo.si\/wp-content\/uploads\/2026\/08\/N0E3752-1-2048x1365.jpg 2048w, https:\/\/meteoinfo.si\/wp-content\/uploads\/2026\/08\/N0E3752-1-370x247.jpg 370w, https:\/\/meteoinfo.si\/wp-content\/uploads\/2026\/08\/N0E3752-1-270x180.jpg 270w, https:\/\/meteoinfo.si\/wp-content\/uploads\/2026\/08\/N0E3752-1-570x380.jpg 570w, https:\/\/meteoinfo.si\/wp-content\/uploads\/2026\/08\/N0E3752-1-740x493.jpg 740w\" sizes=\"auto, (max-width: 1024px) 100vw, 1024px\" \/><\/figure>\n\n\n\n<figure class=\"wp-block-image size-large\"><img loading=\"lazy\" decoding=\"async\" width=\"1024\" height=\"683\" src=\"https:\/\/meteoinfo.si\/wp-content\/uploads\/2026\/08\/N0E3774-1-1024x683.jpg\" alt=\"\" class=\"wp-image-16449\" srcset=\"https:\/\/meteoinfo.si\/wp-content\/uploads\/2026\/08\/N0E3774-1-1024x683.jpg 1024w, https:\/\/meteoinfo.si\/wp-content\/uploads\/2026\/08\/N0E3774-1-300x200.jpg 300w, https:\/\/meteoinfo.si\/wp-content\/uploads\/2026\/08\/N0E3774-1-768x512.jpg 768w, https:\/\/meteoinfo.si\/wp-content\/uploads\/2026\/08\/N0E3774-1-1536x1024.jpg 1536w, https:\/\/meteoinfo.si\/wp-content\/uploads\/2026\/08\/N0E3774-1-2048x1365.jpg 2048w, https:\/\/meteoinfo.si\/wp-content\/uploads\/2026\/08\/N0E3774-1-370x247.jpg 370w, https:\/\/meteoinfo.si\/wp-content\/uploads\/2026\/08\/N0E3774-1-270x180.jpg 270w, https:\/\/meteoinfo.si\/wp-content\/uploads\/2026\/08\/N0E3774-1-570x380.jpg 570w, https:\/\/meteoinfo.si\/wp-content\/uploads\/2026\/08\/N0E3774-1-740x493.jpg 740w\" sizes=\"auto, (max-width: 1024px) 100vw, 1024px\" \/><\/figure>\n\n\n\n<figure class=\"wp-block-image size-large\"><a class=\"gridlove-popup-img\" href=\"https:\/\/meteoinfo.si\/wp-content\/uploads\/2026\/08\/783031843_1632544878884731_2896624866837548584_n.jpg\"><img loading=\"lazy\" decoding=\"async\" width=\"1024\" height=\"683\" src=\"https:\/\/meteoinfo.si\/wp-content\/uploads\/2026\/08\/783031843_1632544878884731_2896624866837548584_n-1024x683.jpg\" alt=\"\" class=\"wp-image-16452\" srcset=\"https:\/\/meteoinfo.si\/wp-content\/uploads\/2026\/08\/783031843_1632544878884731_2896624866837548584_n-1024x683.jpg 1024w, https:\/\/meteoinfo.si\/wp-content\/uploads\/2026\/08\/783031843_1632544878884731_2896624866837548584_n-300x200.jpg 300w, https:\/\/meteoinfo.si\/wp-content\/uploads\/2026\/08\/783031843_1632544878884731_2896624866837548584_n-768x512.jpg 768w, https:\/\/meteoinfo.si\/wp-content\/uploads\/2026\/08\/783031843_1632544878884731_2896624866837548584_n-1536x1025.jpg 1536w, https:\/\/meteoinfo.si\/wp-content\/uploads\/2026\/08\/783031843_1632544878884731_2896624866837548584_n-370x247.jpg 370w, https:\/\/meteoinfo.si\/wp-content\/uploads\/2026\/08\/783031843_1632544878884731_2896624866837548584_n-270x180.jpg 270w, https:\/\/meteoinfo.si\/wp-content\/uploads\/2026\/08\/783031843_1632544878884731_2896624866837548584_n-570x380.jpg 570w, https:\/\/meteoinfo.si\/wp-content\/uploads\/2026\/08\/783031843_1632544878884731_2896624866837548584_n-740x494.jpg 740w, https:\/\/meteoinfo.si\/wp-content\/uploads\/2026\/08\/783031843_1632544878884731_2896624866837548584_n.jpg 2048w\" sizes=\"auto, (max-width: 1024px) 100vw, 1024px\" \/><\/a><\/figure>\n\n\n\n<figure class=\"wp-block-image size-large\"><a class=\"gridlove-popup-img\" href=\"https:\/\/meteoinfo.si\/wp-content\/uploads\/2026\/08\/783986109_1632544798884739_5842245621015679667_n.jpg\"><img loading=\"lazy\" decoding=\"async\" width=\"1024\" height=\"683\" src=\"https:\/\/meteoinfo.si\/wp-content\/uploads\/2026\/08\/783986109_1632544798884739_5842245621015679667_n-1024x683.jpg\" alt=\"\" class=\"wp-image-16453\" srcset=\"https:\/\/meteoinfo.si\/wp-content\/uploads\/2026\/08\/783986109_1632544798884739_5842245621015679667_n-1024x683.jpg 1024w, https:\/\/meteoinfo.si\/wp-content\/uploads\/2026\/08\/783986109_1632544798884739_5842245621015679667_n-300x200.jpg 300w, https:\/\/meteoinfo.si\/wp-content\/uploads\/2026\/08\/783986109_1632544798884739_5842245621015679667_n-768x512.jpg 768w, https:\/\/meteoinfo.si\/wp-content\/uploads\/2026\/08\/783986109_1632544798884739_5842245621015679667_n-1536x1025.jpg 1536w, https:\/\/meteoinfo.si\/wp-content\/uploads\/2026\/08\/783986109_1632544798884739_5842245621015679667_n-370x247.jpg 370w, https:\/\/meteoinfo.si\/wp-content\/uploads\/2026\/08\/783986109_1632544798884739_5842245621015679667_n-270x180.jpg 270w, https:\/\/meteoinfo.si\/wp-content\/uploads\/2026\/08\/783986109_1632544798884739_5842245621015679667_n-570x380.jpg 570w, https:\/\/meteoinfo.si\/wp-content\/uploads\/2026\/08\/783986109_1632544798884739_5842245621015679667_n-740x494.jpg 740w, https:\/\/meteoinfo.si\/wp-content\/uploads\/2026\/08\/783986109_1632544798884739_5842245621015679667_n.jpg 2048w\" sizes=\"auto, (max-width: 1024px) 100vw, 1024px\" \/><\/a><\/figure>\n\n\n\n<pre class=\"wp-block-code\"><code><iframe loading=\"lazy\" src=\"https:\/\/www.facebook.com\/plugins\/video.php?height=476&#038;href=https%3A%2F%2Fwww.facebook.com%2Freel%2F1405885724763478%2F&#038;show_text=false&#038;width=267&#038;t=0\" width=\"267\" height=\"476\" style=\"border:none;overflow:hidden\" scrolling=\"no\" frameborder=\"0\" allowfullscreen=\"true\" allow=\"autoplay; clipboard-write; encrypted-media; picture-in-picture; web-share\" allowFullScreen=\"true\"><\/iframe>\n<\/code><\/pre>\n\n\n\n<p class=\"wp-block-paragraph\"><\/p>\n","protected":false},"excerpt":{"rendered":"<p>Avtor reporta\u017ee: Matej \u0160tegar V petek, 21. avgusta 2026, okoli 15. ure, je obmo\u010dje ob\u010dine Komen na Krasu zajelo mo\u010dno neurje, v sklopu katerega je nastal vrtinec oziroma tornado. Najbolj je prizadel obmo\u010dje Gornje Branice, predvsem naselja Koboli, Ve\u010dkoti, \u010cehovini in Kodreti. O pojavu je bil objavljen tudi videoposnetek vrtinca v okolici Hru\u0161evice pri \u0160tanjelu. [&hellip;]<\/p>\n","protected":false},"author":10,"featured_media":16433,"comment_status":"closed","ping_status":"open","sticky":false,"template":"","format":"standard","meta":{"footnotes":""},"categories":[80,75],"tags":[],"topic":[],"topic_color":[],"class_list":["post-16409","post","type-post","status-publish","format-standard","has-post-thumbnail","hentry","category-analize-vremena","category-porocila-s-terena"],"yoast_head":"<!-- This site is optimized with the Yoast SEO plugin v28.3 - https:\/\/yoast.com\/product\/yoast-seo-wordpress\/ -->\n<title>Tornado F1, na obmo\u010dju Komna, 21. 8. 2026, ter vodna tromba na obmo\u010dju Hrva\u0161ke Istre, 22.8.2026<\/title>\n<meta name=\"robots\" content=\"index, follow, max-snippet:-1, max-image-preview:large, max-video-preview:-1\" \/>\n<link rel=\"canonical\" href=\"https:\/\/meteoinfo.si\/en\/vremenska-porocila\/porocila-s-terena\/tornado-f1-na-obmocju-komna-21-8-2026\/\" \/>\n<meta property=\"og:locale\" content=\"en_US\" \/>\n<meta property=\"og:locale:alternate\" content=\"sl_SI\" \/>\n<meta property=\"og:type\" content=\"article\" \/>\n<meta property=\"og:title\" content=\"Tornado F1, na obmo\u010dju Komna, 21. 8. 2026, ter vodna tromba na obmo\u010dju Hrva\u0161ke Istre, 22.8.2026\" \/>\n<meta property=\"og:description\" content=\"Avtor reporta\u017ee: Matej \u0160tegar V petek, 21. avgusta 2026, okoli 15. ure, je obmo\u010dje ob\u010dine Komen na Krasu zajelo mo\u010dno neurje, v sklopu katerega je nastal vrtinec oziroma tornado. Najbolj je prizadel obmo\u010dje Gornje Branice, predvsem naselja Koboli, Ve\u010dkoti, \u010cehovini in Kodreti. O pojavu je bil objavljen tudi videoposnetek vrtinca v okolici Hru\u0161evice pri \u0160tanjelu. [&hellip;]\" \/>\n<meta property=\"og:url\" content=\"https:\/\/meteoinfo.si\/en\/vremenska-porocila\/porocila-s-terena\/tornado-f1-na-obmocju-komna-21-8-2026\/\" \/>\n<meta property=\"og:site_name\" content=\"Meteoinfo Slovenija\" \/>\n<meta property=\"article:publisher\" content=\"https:\/\/www.facebook.com\/meteoinfoslovenija\" \/>\n<meta property=\"article:author\" content=\"https:\/\/www.facebook.com\/matej.stegar\" \/>\n<meta property=\"article:published_time\" content=\"2026-08-21T14:07:06+00:00\" \/>\n<meta property=\"article:modified_time\" content=\"2026-08-30T14:52:03+00:00\" \/>\n<meta property=\"og:image\" content=\"https:\/\/meteoinfo.si\/wp-content\/uploads\/2026\/08\/Messenger_creation_B68C3426-BA47-4AB5-B46C-718936F0CA85.jpeg\" \/>\n\t<meta property=\"og:image:width\" content=\"2048\" \/>\n\t<meta property=\"og:image:height\" content=\"1532\" \/>\n\t<meta property=\"og:image:type\" content=\"image\/jpeg\" \/>\n<meta name=\"author\" content=\"Matej \u0160tegar\" \/>\n<meta name=\"twitter:card\" content=\"summary_large_image\" \/>\n<meta name=\"twitter:creator\" content=\"@MeteoinfoSi\" \/>\n<meta name=\"twitter:site\" content=\"@MeteoinfoSi\" \/>\n<meta name=\"twitter:label1\" content=\"Written by\" \/>\n\t<meta name=\"twitter:data1\" content=\"Matej \u0160tegar\" \/>\n\t<meta name=\"twitter:label2\" content=\"Est. reading time\" \/>\n\t<meta name=\"twitter:data2\" content=\"11 minutes\" \/>\n<script type=\"application\/ld+json\" class=\"yoast-schema-graph\">{\"@context\":\"https:\\\/\\\/schema.org\",\"@graph\":[{\"@type\":\"Article\",\"@id\":\"https:\\\/\\\/meteoinfo.si\\\/vremenska-porocila\\\/porocila-s-terena\\\/tornado-f1-na-obmocju-komna-21-8-2026\\\/#article\",\"isPartOf\":{\"@id\":\"https:\\\/\\\/meteoinfo.si\\\/vremenska-porocila\\\/porocila-s-terena\\\/tornado-f1-na-obmocju-komna-21-8-2026\\\/\"},\"author\":{\"name\":\"Matej \u0160tegar\",\"@id\":\"https:\\\/\\\/meteoinfo.si\\\/#\\\/schema\\\/person\\\/9d9b5f0b7e093e2d66275e516d5a11e2\"},\"headline\":\"Tornado F1, na obmo\u010dju Komna, 21. 8. 2026, ter vodna tromba na obmo\u010dju Hrva\u0161ke Istre, 22.8.2026\",\"datePublished\":\"2026-08-21T14:07:06+00:00\",\"dateModified\":\"2026-08-30T14:52:03+00:00\",\"mainEntityOfPage\":{\"@id\":\"https:\\\/\\\/meteoinfo.si\\\/vremenska-porocila\\\/porocila-s-terena\\\/tornado-f1-na-obmocju-komna-21-8-2026\\\/\"},\"wordCount\":551,\"publisher\":{\"@id\":\"https:\\\/\\\/meteoinfo.si\\\/#organization\"},\"image\":{\"@id\":\"https:\\\/\\\/meteoinfo.si\\\/vremenska-porocila\\\/porocila-s-terena\\\/tornado-f1-na-obmocju-komna-21-8-2026\\\/#primaryimage\"},\"thumbnailUrl\":\"https:\\\/\\\/meteoinfo.si\\\/wp-content\\\/uploads\\\/2026\\\/08\\\/Messenger_creation_B68C3426-BA47-4AB5-B46C-718936F0CA85.jpeg\",\"articleSection\":[\"analize vremena\",\"poro\u010dila s terena\"],\"inLanguage\":\"en-US\"},{\"@type\":\"WebPage\",\"@id\":\"https:\\\/\\\/meteoinfo.si\\\/vremenska-porocila\\\/porocila-s-terena\\\/tornado-f1-na-obmocju-komna-21-8-2026\\\/\",\"url\":\"https:\\\/\\\/meteoinfo.si\\\/vremenska-porocila\\\/porocila-s-terena\\\/tornado-f1-na-obmocju-komna-21-8-2026\\\/\",\"name\":\"Tornado F1, na obmo\u010dju Komna, 21. 8. 2026, ter vodna tromba na obmo\u010dju Hrva\u0161ke Istre, 22.8.2026\",\"isPartOf\":{\"@id\":\"https:\\\/\\\/meteoinfo.si\\\/#website\"},\"primaryImageOfPage\":{\"@id\":\"https:\\\/\\\/meteoinfo.si\\\/vremenska-porocila\\\/porocila-s-terena\\\/tornado-f1-na-obmocju-komna-21-8-2026\\\/#primaryimage\"},\"image\":{\"@id\":\"https:\\\/\\\/meteoinfo.si\\\/vremenska-porocila\\\/porocila-s-terena\\\/tornado-f1-na-obmocju-komna-21-8-2026\\\/#primaryimage\"},\"thumbnailUrl\":\"https:\\\/\\\/meteoinfo.si\\\/wp-content\\\/uploads\\\/2026\\\/08\\\/Messenger_creation_B68C3426-BA47-4AB5-B46C-718936F0CA85.jpeg\",\"datePublished\":\"2026-08-21T14:07:06+00:00\",\"dateModified\":\"2026-08-30T14:52:03+00:00\",\"breadcrumb\":{\"@id\":\"https:\\\/\\\/meteoinfo.si\\\/vremenska-porocila\\\/porocila-s-terena\\\/tornado-f1-na-obmocju-komna-21-8-2026\\\/#breadcrumb\"},\"inLanguage\":\"en-US\",\"potentialAction\":[{\"@type\":\"ReadAction\",\"target\":[\"https:\\\/\\\/meteoinfo.si\\\/vremenska-porocila\\\/porocila-s-terena\\\/tornado-f1-na-obmocju-komna-21-8-2026\\\/\"]}]},{\"@type\":\"ImageObject\",\"inLanguage\":\"en-US\",\"@id\":\"https:\\\/\\\/meteoinfo.si\\\/vremenska-porocila\\\/porocila-s-terena\\\/tornado-f1-na-obmocju-komna-21-8-2026\\\/#primaryimage\",\"url\":\"https:\\\/\\\/meteoinfo.si\\\/wp-content\\\/uploads\\\/2026\\\/08\\\/Messenger_creation_B68C3426-BA47-4AB5-B46C-718936F0CA85.jpeg\",\"contentUrl\":\"https:\\\/\\\/meteoinfo.si\\\/wp-content\\\/uploads\\\/2026\\\/08\\\/Messenger_creation_B68C3426-BA47-4AB5-B46C-718936F0CA85.jpeg\",\"width\":2048,\"height\":1532},{\"@type\":\"BreadcrumbList\",\"@id\":\"https:\\\/\\\/meteoinfo.si\\\/vremenska-porocila\\\/porocila-s-terena\\\/tornado-f1-na-obmocju-komna-21-8-2026\\\/#breadcrumb\",\"itemListElement\":[{\"@type\":\"ListItem\",\"position\":1,\"name\":\"Home\",\"item\":\"https:\\\/\\\/meteoinfo.si\\\/\"},{\"@type\":\"ListItem\",\"position\":2,\"name\":\"Tornado F1, na obmo\u010dju Komna, 21. 8. 2026, ter vodna tromba na obmo\u010dju Hrva\u0161ke Istre, 22.8.2026\"}]},{\"@type\":\"WebSite\",\"@id\":\"https:\\\/\\\/meteoinfo.si\\\/#website\",\"url\":\"https:\\\/\\\/meteoinfo.si\\\/\",\"name\":\"Meteoinfo\",\"description\":\"Meteoinfo Slovenija je spletni portal skupine ljubiteljev opazovanja in prou\u010devanja ekstremnih vremenskih pojavov ter podnebja.\",\"publisher\":{\"@id\":\"https:\\\/\\\/meteoinfo.si\\\/#organization\"},\"potentialAction\":[{\"@type\":\"SearchAction\",\"target\":{\"@type\":\"EntryPoint\",\"urlTemplate\":\"https:\\\/\\\/meteoinfo.si\\\/?s={search_term_string}\"},\"query-input\":{\"@type\":\"PropertyValueSpecification\",\"valueRequired\":true,\"valueName\":\"search_term_string\"}}],\"inLanguage\":\"en-US\"},{\"@type\":\"Organization\",\"@id\":\"https:\\\/\\\/meteoinfo.si\\\/#organization\",\"name\":\"Meteoinfo Slovenija\",\"url\":\"https:\\\/\\\/meteoinfo.si\\\/\",\"logo\":{\"@type\":\"ImageObject\",\"inLanguage\":\"en-US\",\"@id\":\"https:\\\/\\\/meteoinfo.si\\\/#\\\/schema\\\/logo\\\/image\\\/\",\"url\":\"https:\\\/\\\/meteoinfo.si\\\/wp-content\\\/uploads\\\/2023\\\/08\\\/meteoinfo_logo.png\",\"contentUrl\":\"https:\\\/\\\/meteoinfo.si\\\/wp-content\\\/uploads\\\/2023\\\/08\\\/meteoinfo_logo.png\",\"width\":260,\"height\":27,\"caption\":\"Meteoinfo Slovenija\"},\"image\":{\"@id\":\"https:\\\/\\\/meteoinfo.si\\\/#\\\/schema\\\/logo\\\/image\\\/\"},\"sameAs\":[\"https:\\\/\\\/www.facebook.com\\\/meteoinfoslovenija\",\"https:\\\/\\\/x.com\\\/MeteoinfoSi\",\"https:\\\/\\\/www.instagram.com\\\/meteoinfo.si\\\/\",\"https:\\\/\\\/www.tiktok.com\\\/@meteoinfo.slo\"]},{\"@type\":\"Person\",\"@id\":\"https:\\\/\\\/meteoinfo.si\\\/#\\\/schema\\\/person\\\/9d9b5f0b7e093e2d66275e516d5a11e2\",\"name\":\"Matej \u0160tegar\",\"image\":{\"@type\":\"ImageObject\",\"inLanguage\":\"en-US\",\"@id\":\"https:\\\/\\\/secure.gravatar.com\\\/avatar\\\/f849b057c54eabeca90ef9c1c1adeb0e55598c2c8e6a81660746b9f7fc087516?s=96&d=mm&r=g\",\"url\":\"https:\\\/\\\/secure.gravatar.com\\\/avatar\\\/f849b057c54eabeca90ef9c1c1adeb0e55598c2c8e6a81660746b9f7fc087516?s=96&d=mm&r=g\",\"contentUrl\":\"https:\\\/\\\/secure.gravatar.com\\\/avatar\\\/f849b057c54eabeca90ef9c1c1adeb0e55598c2c8e6a81660746b9f7fc087516?s=96&d=mm&r=g\",\"caption\":\"Matej \u0160tegar\"},\"description\":\"Sem Matej \u0160tegar, po poklicu ekonomski tehnik. \u017de ve\u010d kot 20 let spremljam in bele\u017eim vremenske pojave. Doma imam svojo vremensko postajo, ki vsakih 5 minut po\u0161ilja aktualne podatke na splet. Spletna stran je dosegljiva na tem naslovu ptuj.zevs.si. Ukvarjam se tudi z fotografiranjem ekstremnih vremeneskih pojavov. \u017de 15 let lovim nevihte, v zimskem \u010dasu grem tudi na meritve burje na obmo\u010dje Hrva\u0161ke(Kvarner), ter v Sloveniji. Do sedaj sem lovil nevihte v naslednjih dr\u017eavah:Slovenija,Hrva\u0161ka,Italija,Mad\u017earska,Avstrija,\u010ce\u0161ka,Nem\u010dija in Francija.\",\"sameAs\":[\"http:\\\/\\\/ptuj.zevs.si\\\/Current_Vantage.htm\",\"https:\\\/\\\/www.facebook.com\\\/matej.stegar\"],\"url\":\"https:\\\/\\\/meteoinfo.si\\\/en\\\/author\\\/stormymatej\\\/\"}]}<\/script>\n<!-- \/ Yoast SEO plugin. -->","yoast_head_json":{"title":"Tornado F1, na obmo\u010dju Komna, 21. 8. 2026, ter vodna tromba na obmo\u010dju Hrva\u0161ke Istre, 22.8.2026","robots":{"index":"index","follow":"follow","max-snippet":"max-snippet:-1","max-image-preview":"max-image-preview:large","max-video-preview":"max-video-preview:-1"},"canonical":"https:\/\/meteoinfo.si\/en\/vremenska-porocila\/porocila-s-terena\/tornado-f1-na-obmocju-komna-21-8-2026\/","og_locale":"en_US","og_type":"article","og_title":"[:sl]Tornado F1, na obmo\u010dju Komna, 21. 8. 2026, ter vodna tromba na obmo\u010dju Hrva\u0161ke Istre, 22.8.2026[:] - Meteoinfo Slovenija","og_description":"Avtor reporta\u017ee: Matej \u0160tegar V petek, 21. avgusta 2026, okoli 15. ure, je obmo\u010dje ob\u010dine Komen na Krasu zajelo mo\u010dno neurje, v sklopu katerega je nastal vrtinec oziroma tornado. Najbolj je prizadel obmo\u010dje Gornje Branice, predvsem naselja Koboli, Ve\u010dkoti, \u010cehovini in Kodreti. O pojavu je bil objavljen tudi videoposnetek vrtinca v okolici Hru\u0161evice pri \u0160tanjelu. [&hellip;]","og_url":"https:\/\/meteoinfo.si\/en\/vremenska-porocila\/porocila-s-terena\/tornado-f1-na-obmocju-komna-21-8-2026\/","og_site_name":"Meteoinfo Slovenija","article_publisher":"https:\/\/www.facebook.com\/meteoinfoslovenija","article_author":"https:\/\/www.facebook.com\/matej.stegar","article_published_time":"2026-08-21T14:07:06+00:00","article_modified_time":"2026-08-30T14:52:03+00:00","og_image":[{"width":2048,"height":1532,"url":"https:\/\/meteoinfo.si\/wp-content\/uploads\/2026\/08\/Messenger_creation_B68C3426-BA47-4AB5-B46C-718936F0CA85.jpeg","type":"image\/jpeg"}],"author":"Matej \u0160tegar","twitter_card":"summary_large_image","twitter_creator":"@MeteoinfoSi","twitter_site":"@MeteoinfoSi","twitter_misc":{"Written by":"Matej \u0160tegar","Est. reading time":"11 minutes"},"schema":{"@context":"https:\/\/schema.org","@graph":[{"@type":"Article","@id":"https:\/\/meteoinfo.si\/vremenska-porocila\/porocila-s-terena\/tornado-f1-na-obmocju-komna-21-8-2026\/#article","isPartOf":{"@id":"https:\/\/meteoinfo.si\/vremenska-porocila\/porocila-s-terena\/tornado-f1-na-obmocju-komna-21-8-2026\/"},"author":{"name":"Matej \u0160tegar","@id":"https:\/\/meteoinfo.si\/#\/schema\/person\/9d9b5f0b7e093e2d66275e516d5a11e2"},"headline":"Tornado F1, na obmo\u010dju Komna, 21. 8. 2026, ter vodna tromba na obmo\u010dju Hrva\u0161ke Istre, 22.8.2026","datePublished":"2026-08-21T14:07:06+00:00","dateModified":"2026-08-30T14:52:03+00:00","mainEntityOfPage":{"@id":"https:\/\/meteoinfo.si\/vremenska-porocila\/porocila-s-terena\/tornado-f1-na-obmocju-komna-21-8-2026\/"},"wordCount":551,"publisher":{"@id":"https:\/\/meteoinfo.si\/#organization"},"image":{"@id":"https:\/\/meteoinfo.si\/vremenska-porocila\/porocila-s-terena\/tornado-f1-na-obmocju-komna-21-8-2026\/#primaryimage"},"thumbnailUrl":"https:\/\/meteoinfo.si\/wp-content\/uploads\/2026\/08\/Messenger_creation_B68C3426-BA47-4AB5-B46C-718936F0CA85.jpeg","articleSection":["analize vremena","poro\u010dila s terena"],"inLanguage":"en-US"},{"@type":"WebPage","@id":"https:\/\/meteoinfo.si\/vremenska-porocila\/porocila-s-terena\/tornado-f1-na-obmocju-komna-21-8-2026\/","url":"https:\/\/meteoinfo.si\/vremenska-porocila\/porocila-s-terena\/tornado-f1-na-obmocju-komna-21-8-2026\/","name":"Tornado F1, na obmo\u010dju Komna, 21. 8. 2026, ter vodna tromba na obmo\u010dju Hrva\u0161ke Istre, 22.8.2026","isPartOf":{"@id":"https:\/\/meteoinfo.si\/#website"},"primaryImageOfPage":{"@id":"https:\/\/meteoinfo.si\/vremenska-porocila\/porocila-s-terena\/tornado-f1-na-obmocju-komna-21-8-2026\/#primaryimage"},"image":{"@id":"https:\/\/meteoinfo.si\/vremenska-porocila\/porocila-s-terena\/tornado-f1-na-obmocju-komna-21-8-2026\/#primaryimage"},"thumbnailUrl":"https:\/\/meteoinfo.si\/wp-content\/uploads\/2026\/08\/Messenger_creation_B68C3426-BA47-4AB5-B46C-718936F0CA85.jpeg","datePublished":"2026-08-21T14:07:06+00:00","dateModified":"2026-08-30T14:52:03+00:00","breadcrumb":{"@id":"https:\/\/meteoinfo.si\/vremenska-porocila\/porocila-s-terena\/tornado-f1-na-obmocju-komna-21-8-2026\/#breadcrumb"},"inLanguage":"en-US","potentialAction":[{"@type":"ReadAction","target":["https:\/\/meteoinfo.si\/vremenska-porocila\/porocila-s-terena\/tornado-f1-na-obmocju-komna-21-8-2026\/"]}]},{"@type":"ImageObject","inLanguage":"en-US","@id":"https:\/\/meteoinfo.si\/vremenska-porocila\/porocila-s-terena\/tornado-f1-na-obmocju-komna-21-8-2026\/#primaryimage","url":"https:\/\/meteoinfo.si\/wp-content\/uploads\/2026\/08\/Messenger_creation_B68C3426-BA47-4AB5-B46C-718936F0CA85.jpeg","contentUrl":"https:\/\/meteoinfo.si\/wp-content\/uploads\/2026\/08\/Messenger_creation_B68C3426-BA47-4AB5-B46C-718936F0CA85.jpeg","width":2048,"height":1532},{"@type":"BreadcrumbList","@id":"https:\/\/meteoinfo.si\/vremenska-porocila\/porocila-s-terena\/tornado-f1-na-obmocju-komna-21-8-2026\/#breadcrumb","itemListElement":[{"@type":"ListItem","position":1,"name":"Home","item":"https:\/\/meteoinfo.si\/"},{"@type":"ListItem","position":2,"name":"Tornado F1, na obmo\u010dju Komna, 21. 8. 2026, ter vodna tromba na obmo\u010dju Hrva\u0161ke Istre, 22.8.2026"}]},{"@type":"WebSite","@id":"https:\/\/meteoinfo.si\/#website","url":"https:\/\/meteoinfo.si\/","name":"Meteoinfo","description":"Meteoinfo Slovenija je spletni portal skupine ljubiteljev opazovanja in prou\u010devanja ekstremnih vremenskih pojavov ter podnebja.","publisher":{"@id":"https:\/\/meteoinfo.si\/#organization"},"potentialAction":[{"@type":"SearchAction","target":{"@type":"EntryPoint","urlTemplate":"https:\/\/meteoinfo.si\/?s={search_term_string}"},"query-input":{"@type":"PropertyValueSpecification","valueRequired":true,"valueName":"search_term_string"}}],"inLanguage":"en-US"},{"@type":"Organization","@id":"https:\/\/meteoinfo.si\/#organization","name":"Meteoinfo Slovenija","url":"https:\/\/meteoinfo.si\/","logo":{"@type":"ImageObject","inLanguage":"en-US","@id":"https:\/\/meteoinfo.si\/#\/schema\/logo\/image\/","url":"https:\/\/meteoinfo.si\/wp-content\/uploads\/2023\/08\/meteoinfo_logo.png","contentUrl":"https:\/\/meteoinfo.si\/wp-content\/uploads\/2023\/08\/meteoinfo_logo.png","width":260,"height":27,"caption":"Meteoinfo Slovenija"},"image":{"@id":"https:\/\/meteoinfo.si\/#\/schema\/logo\/image\/"},"sameAs":["https:\/\/www.facebook.com\/meteoinfoslovenija","https:\/\/x.com\/MeteoinfoSi","https:\/\/www.instagram.com\/meteoinfo.si\/","https:\/\/www.tiktok.com\/@meteoinfo.slo"]},{"@type":"Person","@id":"https:\/\/meteoinfo.si\/#\/schema\/person\/9d9b5f0b7e093e2d66275e516d5a11e2","name":"Matej \u0160tegar","image":{"@type":"ImageObject","inLanguage":"en-US","@id":"https:\/\/secure.gravatar.com\/avatar\/f849b057c54eabeca90ef9c1c1adeb0e55598c2c8e6a81660746b9f7fc087516?s=96&d=mm&r=g","url":"https:\/\/secure.gravatar.com\/avatar\/f849b057c54eabeca90ef9c1c1adeb0e55598c2c8e6a81660746b9f7fc087516?s=96&d=mm&r=g","contentUrl":"https:\/\/secure.gravatar.com\/avatar\/f849b057c54eabeca90ef9c1c1adeb0e55598c2c8e6a81660746b9f7fc087516?s=96&d=mm&r=g","caption":"Matej \u0160tegar"},"description":"Sem Matej \u0160tegar, po poklicu ekonomski tehnik. \u017de ve\u010d kot 20 let spremljam in bele\u017eim vremenske pojave. Doma imam svojo vremensko postajo, ki vsakih 5 minut po\u0161ilja aktualne podatke na splet. Spletna stran je dosegljiva na tem naslovu ptuj.zevs.si. Ukvarjam se tudi z fotografiranjem ekstremnih vremeneskih pojavov. \u017de 15 let lovim nevihte, v zimskem \u010dasu grem tudi na meritve burje na obmo\u010dje Hrva\u0161ke(Kvarner), ter v Sloveniji. Do sedaj sem lovil nevihte v naslednjih dr\u017eavah:Slovenija,Hrva\u0161ka,Italija,Mad\u017earska,Avstrija,\u010ce\u0161ka,Nem\u010dija in Francija.","sameAs":["http:\/\/ptuj.zevs.si\/Current_Vantage.htm","https:\/\/www.facebook.com\/matej.stegar"],"url":"https:\/\/meteoinfo.si\/en\/author\/stormymatej\/"}]}},"_links":{"self":[{"href":"https:\/\/meteoinfo.si\/en\/wp-json\/wp\/v2\/posts\/16409","targetHints":{"allow":["GET"]}}],"collection":[{"href":"https:\/\/meteoinfo.si\/en\/wp-json\/wp\/v2\/posts"}],"about":[{"href":"https:\/\/meteoinfo.si\/en\/wp-json\/wp\/v2\/types\/post"}],"author":[{"embeddable":true,"href":"https:\/\/meteoinfo.si\/en\/wp-json\/wp\/v2\/users\/10"}],"replies":[{"embeddable":true,"href":"https:\/\/meteoinfo.si\/en\/wp-json\/wp\/v2\/comments?post=16409"}],"version-history":[{"count":5,"href":"https:\/\/meteoinfo.si\/en\/wp-json\/wp\/v2\/posts\/16409\/revisions"}],"predecessor-version":[{"id":16456,"href":"https:\/\/meteoinfo.si\/en\/wp-json\/wp\/v2\/posts\/16409\/revisions\/16456"}],"wp:featuredmedia":[{"embeddable":true,"href":"https:\/\/meteoinfo.si\/en\/wp-json\/wp\/v2\/media\/16433"}],"wp:attachment":[{"href":"https:\/\/meteoinfo.si\/en\/wp-json\/wp\/v2\/media?parent=16409"}],"wp:term":[{"taxonomy":"category","embeddable":true,"href":"https:\/\/meteoinfo.si\/en\/wp-json\/wp\/v2\/categories?post=16409"},{"taxonomy":"post_tag","embeddable":true,"href":"https:\/\/meteoinfo.si\/en\/wp-json\/wp\/v2\/tags?post=16409"},{"taxonomy":"topic","embeddable":true,"href":"https:\/\/meteoinfo.si\/en\/wp-json\/wp\/v2\/topic?post=16409"},{"taxonomy":"topic_color","embeddable":true,"href":"https:\/\/meteoinfo.si\/en\/wp-json\/wp\/v2\/topic_color?post=16409"}],"curies":[{"name":"wp","href":"https:\/\/api.w.org\/{rel}","templated":true}]}}